{"id":3287,"date":"2024-08-01T10:53:19","date_gmt":"2024-08-01T08:53:19","guid":{"rendered":"https:\/\/parisavelo.fr\/?p=3287"},"modified":"2024-08-01T11:58:06","modified_gmt":"2024-08-01T09:58:06","slug":"pendant-les-jo-circulez-a-velo","status":"publish","type":"post","link":"https:\/\/parisavelo.fr\/en\/2024\/08\/01\/pendant-les-jo-circulez-a-velo\/","title":{"rendered":"Pendant les JO, circulez \u00e0 v\u00e9lo !"},"content":{"rendered":"<p style=\"text-align: center;\">Les Jeux Olympiques Paris 2024, vous y \u00eates ? Simplifiez-vous la vie, faites du sport vous aussi en circulant \u00e0 v\u00e9lo, vous n\u2019en serez que plus charm\u00e9s ! Un terrain de jeu au d\u00e9cor Mammma \ud83e\udd0c\u00e0 port\u00e9e de roues\u2026<\/p>\n<p style=\"text-align: center;\">Nous on a<a href=\"https:\/\/parisavelo.fr\/en\/bike-rental-paris\/\" target=\"_blank\" rel=\"noopener\"> les v\u00e9los<\/a>\u2026 Et on esp\u00e8re bien en avoir encore un pour vous !<br \/>\nPour mieux vous rendre compte des distances parisiennes, <a href=\"https:\/\/parisjetaime.com\/\" target=\"_blank\" rel=\"noopener\">Paris je t\u2019aime<\/a> vous a concoct\u00e9 une carte avec les temps de d\u00e9placements \u00e0 v\u00e9lo entre les sites \u00ab\u00a0rep\u00e8res\u00a0\u00bb et olympiques. Alors alors\u2026 vous voyez\u2026 Paris est faite pour le v\u00e9lo !<br \/>\n\ud83d\udc47\ud83d\udc47\ud83d\udc47<\/p>\n<p><a href=\"https:\/\/events.parisinfo.com\/grand_public_et_media\/carte-paris-a-velo-jop.jpg\" target=\"_blank\" rel=\"noopener\"><img loading=\"lazy\" decoding=\"async\" class=\"alignnone wp-image-3288 size-full\" src=\"https:\/\/parisavelo.fr\/wp-content\/uploads\/2024\/07\/Carte-JO-velo.png\" alt=\"Estimation des temps de d\u00e9placement \u00e0 v\u00e9lo entre les diff\u00e9rents sites olympiques parisiens \" width=\"919\" height=\"630\" srcset=\"https:\/\/parisavelo.fr\/wp-content\/uploads\/2024\/07\/Carte-JO-velo.png 919w, https:\/\/parisavelo.fr\/wp-content\/uploads\/2024\/07\/Carte-JO-velo-480x329.png 480w\" sizes=\"(min-width: 0px) and (max-width: 480px) 480px, (min-width: 481px) 919px, 100vw\" \/><\/a><\/p>\n<p style=\"text-align: center;\">Une fois enfourch\u00e9, votre 2 roues deviendra un alli\u00e9 de choix pour vos d\u00e9placements parisiens ET grands parisiens m\u00eame non olympiques. Sachez, en plus, que nous proposons des itin\u00e9raires g\u00e9olocalis\u00e9s \u00e0 nos clients pour ne pas en louper une miette ! Et pour vous orienter, nous vous conseillons 2 applications que sont Geovelo et Komoot, efficaces et pratiques ! Ces derni\u00e8res vous permettent d\u2019entrer vos points d\u2019int\u00e9r\u00eat, cr\u00e9er des itin\u00e9raires, b\u00e9n\u00e9ficier de suggestions de circuits, bref\u2026 \u00e7a aide ! Et nous, pour vous rendre la vie encore plus facile, on pr\u00eate un support t\u00e9l\u00e9phone pour chaque r\u00e9servation.<\/p>\n<p style=\"text-align: center;\">Une autre option s\u2019offre \u00e0 vous\u2026 perdez-vous ! Ce sera sans doute la fa\u00e7on la plus efficace de d\u00e9couvrir notre jolie ville lumi\u00e8re.<br \/>\nUn autre site bien utile vous permettra d\u2019anticiper les probl\u00e9matiques de circulations li\u00e9es aux jeux :<br \/>\nhttps:\/\/anticiperlesjeux.gouv.fr\/je-minforme\/anticiper-ses-deplacements<br \/>\nPour le reste, nous serons ravis de vous conseiller ou de vous orienter, nous sommes vos plus grands fans !<\/p>\n<p>Vous trouverez<a href=\"https:\/\/parisavelo.fr\/en\/bike-rental-paris\/\" target=\"_blank\" rel=\"noopener\"> here<\/a> l\u2019ensemble de nos tarifs, et en bas de cette m\u00eame page, un bouton <a href=\"https:\/\/parisavelo.lokki.rent\/\" target=\"_blank\" rel=\"noopener\">\u00ab\u00a0r\u00e9server\u00a0\u00bb<\/a> vous permettra de bloquer les v\u00e9los qui vous int\u00e9ressent en ayant une vue sur notre stock actualis\u00e9 en temps r\u00e9el.<\/p>\n<p style=\"text-align: center;\">Et bien s\u00fbr, si vous vous sentez remplis d\u2019incertitudes ou de questions, n\u2019h\u00e9sitez surtout pas \u00e0 nous contacter, on vous aidera \u00e0 y voir plus clair !<\/p>\n<p>&nbsp;<\/p>","protected":false},"excerpt":{"rendered":"<p>Les Jeux Olympiques Paris 2024, vous y \u00eates ? Simplifiez-vous la vie, faites du sport vous aussi en circulant \u00e0 v\u00e9lo, vous n&rsquo;en serez que plus charm\u00e9s ! Un terrain de jeu au d\u00e9cor Mammma \ud83e\udd0c\u00e0 port\u00e9e de roues&#8230; Nous on a les v\u00e9los&#8230; Et on esp\u00e8re bien en avoir encore un pour vous ! [&hellip;]<\/p>\n","protected":false},"author":7,"featured_media":3288,"comment_status":"open","ping_status":"open","sticky":false,"template":"","format":"standard","meta":{"_et_pb_use_builder":"","_et_pb_old_content":"","_et_gb_content_width":"","_monsterinsights_skip_tracking":false,"_monsterinsights_sitenote_active":false,"_monsterinsights_sitenote_note":"","_monsterinsights_sitenote_category":0,"footnotes":""},"categories":[17],"tags":[],"class_list":["post-3287","post","type-post","status-publish","format-standard","has-post-thumbnail","hentry","category-actus"],"yoast_head":"<!-- This site is optimized with the Yoast SEO plugin v26.5 - https:\/\/yoast.com\/wordpress\/plugins\/seo\/ -->\n<title>Pendant les JO, circulez \u00e0 v\u00e9lo ! - Paris \u00e0 V\u00e9lo<\/title>\n<meta name=\"description\" content=\"Pour circulez pendants les JO, louez un v\u00e9lo, \u00e7a n&#039;en sera que plus beau ! Les sites olympiques accessibles en tout confort, essayez...\" \/>\n<meta name=\"robots\" content=\"index, follow, max-snippet:-1, max-image-preview:large, max-video-preview:-1\" \/>\n<link rel=\"canonical\" href=\"https:\/\/parisavelo.fr\/en\/2024\/08\/01\/pendant-les-jo-circulez-a-velo\/\" \/>\n<meta property=\"og:locale\" content=\"en_GB\" \/>\n<meta property=\"og:type\" content=\"article\" \/>\n<meta property=\"og:title\" content=\"Pendant les JO, circulez \u00e0 v\u00e9lo ! - Paris \u00e0 V\u00e9lo\" \/>\n<meta property=\"og:description\" content=\"Pour circulez pendants les JO, louez un v\u00e9lo, \u00e7a n&#039;en sera que plus beau ! Les sites olympiques accessibles en tout confort, essayez...\" \/>\n<meta property=\"og:url\" content=\"https:\/\/parisavelo.fr\/en\/2024\/08\/01\/pendant-les-jo-circulez-a-velo\/\" \/>\n<meta property=\"og:site_name\" content=\"Paris \u00e0 V\u00e9lo\" \/>\n<meta property=\"article:publisher\" content=\"https:\/\/www.facebook.com\/parisavelo\/\" \/>\n<meta property=\"article:published_time\" content=\"2024-08-01T08:53:19+00:00\" \/>\n<meta property=\"article:modified_time\" content=\"2024-08-01T09:58:06+00:00\" \/>\n<meta property=\"og:image\" content=\"https:\/\/parisavelo.fr\/wp-content\/uploads\/2024\/07\/Carte-JO-velo.png\" \/>\n\t<meta property=\"og:image:width\" content=\"919\" \/>\n\t<meta property=\"og:image:height\" content=\"630\" \/>\n\t<meta property=\"og:image:type\" content=\"image\/png\" \/>\n<meta name=\"author\" content=\"St\u00e9phanie Fleury\" \/>\n<meta name=\"twitter:card\" content=\"summary_large_image\" \/>\n<meta name=\"twitter:creator\" content=\"@mohamed\" \/>\n<meta name=\"twitter:site\" content=\"@Parisvelosympa\" \/>\n<meta name=\"twitter:label1\" content=\"Written by\" \/>\n\t<meta name=\"twitter:data1\" content=\"St\u00e9phanie Fleury\" \/>\n\t<meta name=\"twitter:label2\" content=\"Estimated reading time\" \/>\n\t<meta name=\"twitter:data2\" content=\"2 minutes\" \/>\n<script type=\"application\/ld+json\" class=\"yoast-schema-graph\">{\"@context\":\"https:\/\/schema.org\",\"@graph\":[{\"@type\":\"Article\",\"@id\":\"https:\/\/parisavelo.fr\/2024\/08\/01\/pendant-les-jo-circulez-a-velo\/#article\",\"isPartOf\":{\"@id\":\"https:\/\/parisavelo.fr\/2024\/08\/01\/pendant-les-jo-circulez-a-velo\/\"},\"author\":{\"name\":\"St\u00e9phanie Fleury\",\"@id\":\"https:\/\/parisavelo.fr\/#\/schema\/person\/19f88e2c3ae54c499557c3f3e7047bb5\"},\"headline\":\"Pendant les JO, circulez \u00e0 v\u00e9lo !\",\"datePublished\":\"2024-08-01T08:53:19+00:00\",\"dateModified\":\"2024-08-01T09:58:06+00:00\",\"mainEntityOfPage\":{\"@id\":\"https:\/\/parisavelo.fr\/2024\/08\/01\/pendant-les-jo-circulez-a-velo\/\"},\"wordCount\":354,\"commentCount\":0,\"publisher\":{\"@id\":\"https:\/\/parisavelo.fr\/#organization\"},\"image\":{\"@id\":\"https:\/\/parisavelo.fr\/2024\/08\/01\/pendant-les-jo-circulez-a-velo\/#primaryimage\"},\"thumbnailUrl\":\"https:\/\/parisavelo.fr\/wp-content\/uploads\/2024\/07\/Carte-JO-velo.png\",\"articleSection\":[\"actus\"],\"inLanguage\":\"en-GB\",\"potentialAction\":[{\"@type\":\"CommentAction\",\"name\":\"Comment\",\"target\":[\"https:\/\/parisavelo.fr\/2024\/08\/01\/pendant-les-jo-circulez-a-velo\/#respond\"]}]},{\"@type\":\"WebPage\",\"@id\":\"https:\/\/parisavelo.fr\/2024\/08\/01\/pendant-les-jo-circulez-a-velo\/\",\"url\":\"https:\/\/parisavelo.fr\/2024\/08\/01\/pendant-les-jo-circulez-a-velo\/\",\"name\":\"Pendant les JO, circulez \u00e0 v\u00e9lo ! - Paris \u00e0 V\u00e9lo\",\"isPartOf\":{\"@id\":\"https:\/\/parisavelo.fr\/#website\"},\"primaryImageOfPage\":{\"@id\":\"https:\/\/parisavelo.fr\/2024\/08\/01\/pendant-les-jo-circulez-a-velo\/#primaryimage\"},\"image\":{\"@id\":\"https:\/\/parisavelo.fr\/2024\/08\/01\/pendant-les-jo-circulez-a-velo\/#primaryimage\"},\"thumbnailUrl\":\"https:\/\/parisavelo.fr\/wp-content\/uploads\/2024\/07\/Carte-JO-velo.png\",\"datePublished\":\"2024-08-01T08:53:19+00:00\",\"dateModified\":\"2024-08-01T09:58:06+00:00\",\"description\":\"Pour circulez pendants les JO, louez un v\u00e9lo, \u00e7a n'en sera que plus beau ! Les sites olympiques accessibles en tout confort, essayez...\",\"breadcrumb\":{\"@id\":\"https:\/\/parisavelo.fr\/2024\/08\/01\/pendant-les-jo-circulez-a-velo\/#breadcrumb\"},\"inLanguage\":\"en-GB\",\"potentialAction\":[{\"@type\":\"ReadAction\",\"target\":[\"https:\/\/parisavelo.fr\/2024\/08\/01\/pendant-les-jo-circulez-a-velo\/\"]}]},{\"@type\":\"ImageObject\",\"inLanguage\":\"en-GB\",\"@id\":\"https:\/\/parisavelo.fr\/2024\/08\/01\/pendant-les-jo-circulez-a-velo\/#primaryimage\",\"url\":\"https:\/\/parisavelo.fr\/wp-content\/uploads\/2024\/07\/Carte-JO-velo.png\",\"contentUrl\":\"https:\/\/parisavelo.fr\/wp-content\/uploads\/2024\/07\/Carte-JO-velo.png\",\"width\":919,\"height\":630},{\"@type\":\"BreadcrumbList\",\"@id\":\"https:\/\/parisavelo.fr\/2024\/08\/01\/pendant-les-jo-circulez-a-velo\/#breadcrumb\",\"itemListElement\":[{\"@type\":\"ListItem\",\"position\":1,\"name\":\"Home\",\"item\":\"https:\/\/parisavelo.fr\/\"},{\"@type\":\"ListItem\",\"position\":2,\"name\":\"Pendant les JO, circulez \u00e0 v\u00e9lo !\"}]},{\"@type\":\"WebSite\",\"@id\":\"https:\/\/parisavelo.fr\/#website\",\"url\":\"https:\/\/parisavelo.fr\/\",\"name\":\"Paris \u00e0 V\u00e9lo\",\"description\":\"Le v\u00e9lo \u00e0 Paris, la libert\u00e9\",\"publisher\":{\"@id\":\"https:\/\/parisavelo.fr\/#organization\"},\"potentialAction\":[{\"@type\":\"SearchAction\",\"target\":{\"@type\":\"EntryPoint\",\"urlTemplate\":\"https:\/\/parisavelo.fr\/?s={search_term_string}\"},\"query-input\":{\"@type\":\"PropertyValueSpecification\",\"valueRequired\":true,\"valueName\":\"search_term_string\"}}],\"inLanguage\":\"en-GB\"},{\"@type\":\"Organization\",\"@id\":\"https:\/\/parisavelo.fr\/#organization\",\"name\":\"Paris \u00e0 V\u00e9lo\",\"url\":\"https:\/\/parisavelo.fr\/\",\"logo\":{\"@type\":\"ImageObject\",\"inLanguage\":\"en-GB\",\"@id\":\"https:\/\/parisavelo.fr\/#\/schema\/logo\/image\/\",\"url\":\"https:\/\/parisavelo.fr\/wp-content\/uploads\/2020\/03\/ParisAvelo-logo9-decli-01.png\",\"contentUrl\":\"https:\/\/parisavelo.fr\/wp-content\/uploads\/2020\/03\/ParisAvelo-logo9-decli-01.png\",\"width\":1064,\"height\":1064,\"caption\":\"Paris \u00e0 V\u00e9lo\"},\"image\":{\"@id\":\"https:\/\/parisavelo.fr\/#\/schema\/logo\/image\/\"},\"sameAs\":[\"https:\/\/www.facebook.com\/parisavelo\/\",\"https:\/\/x.com\/Parisvelosympa\",\"https:\/\/www.instagram.com\/parisavelo_officiel\",\"https:\/\/www.linkedin.com\/company\/parisavelo\/\",\"https:\/\/www.pinterest.fr\/parisavelo\/\",\"https:\/\/www.youtube.com\/channel\/UCO5cKd2Zqyl2N8ptTHYAODw\"]},{\"@type\":\"Person\",\"@id\":\"https:\/\/parisavelo.fr\/#\/schema\/person\/19f88e2c3ae54c499557c3f3e7047bb5\",\"name\":\"St\u00e9phanie Fleury\",\"image\":{\"@type\":\"ImageObject\",\"inLanguage\":\"en-GB\",\"@id\":\"https:\/\/parisavelo.fr\/#\/schema\/person\/image\/\",\"url\":\"https:\/\/secure.gravatar.com\/avatar\/a670d111887f66caf669ccab3cbd38f6459e5eb088aa97a78c0fd4cec33c50ed?s=96&d=mm&r=g\",\"contentUrl\":\"https:\/\/secure.gravatar.com\/avatar\/a670d111887f66caf669ccab3cbd38f6459e5eb088aa97a78c0fd4cec33c50ed?s=96&d=mm&r=g\",\"caption\":\"St\u00e9phanie Fleury\"},\"sameAs\":[\"https:\/\/x.com\/mohamed\"],\"url\":\"https:\/\/parisavelo.fr\/en\/author\/stephanie\/\"}]}<\/script>\n<!-- \/ Yoast SEO plugin. -->","yoast_head_json":{"title":"Pendant les JO, circulez \u00e0 v\u00e9lo ! - Paris \u00e0 V\u00e9lo","description":"Pour circulez pendants les JO, louez un v\u00e9lo, \u00e7a n'en sera que plus beau ! Les sites olympiques accessibles en tout confort, essayez...","robots":{"index":"index","follow":"follow","max-snippet":"max-snippet:-1","max-image-preview":"max-image-preview:large","max-video-preview":"max-video-preview:-1"},"canonical":"https:\/\/parisavelo.fr\/en\/2024\/08\/01\/pendant-les-jo-circulez-a-velo\/","og_locale":"en_GB","og_type":"article","og_title":"Pendant les JO, circulez \u00e0 v\u00e9lo ! - Paris \u00e0 V\u00e9lo","og_description":"Pour circulez pendants les JO, louez un v\u00e9lo, \u00e7a n'en sera que plus beau ! Les sites olympiques accessibles en tout confort, essayez...","og_url":"https:\/\/parisavelo.fr\/en\/2024\/08\/01\/pendant-les-jo-circulez-a-velo\/","og_site_name":"Paris \u00e0 V\u00e9lo","article_publisher":"https:\/\/www.facebook.com\/parisavelo\/","article_published_time":"2024-08-01T08:53:19+00:00","article_modified_time":"2024-08-01T09:58:06+00:00","og_image":[{"width":919,"height":630,"url":"https:\/\/parisavelo.fr\/wp-content\/uploads\/2024\/07\/Carte-JO-velo.png","type":"image\/png"}],"author":"St\u00e9phanie Fleury","twitter_card":"summary_large_image","twitter_creator":"@mohamed","twitter_site":"@Parisvelosympa","twitter_misc":{"Written by":"St\u00e9phanie Fleury","Estimated reading time":"2 minutes"},"schema":{"@context":"https:\/\/schema.org","@graph":[{"@type":"Article","@id":"https:\/\/parisavelo.fr\/2024\/08\/01\/pendant-les-jo-circulez-a-velo\/#article","isPartOf":{"@id":"https:\/\/parisavelo.fr\/2024\/08\/01\/pendant-les-jo-circulez-a-velo\/"},"author":{"name":"St\u00e9phanie Fleury","@id":"https:\/\/parisavelo.fr\/#\/schema\/person\/19f88e2c3ae54c499557c3f3e7047bb5"},"headline":"Pendant les JO, circulez \u00e0 v\u00e9lo !","datePublished":"2024-08-01T08:53:19+00:00","dateModified":"2024-08-01T09:58:06+00:00","mainEntityOfPage":{"@id":"https:\/\/parisavelo.fr\/2024\/08\/01\/pendant-les-jo-circulez-a-velo\/"},"wordCount":354,"commentCount":0,"publisher":{"@id":"https:\/\/parisavelo.fr\/#organization"},"image":{"@id":"https:\/\/parisavelo.fr\/2024\/08\/01\/pendant-les-jo-circulez-a-velo\/#primaryimage"},"thumbnailUrl":"https:\/\/parisavelo.fr\/wp-content\/uploads\/2024\/07\/Carte-JO-velo.png","articleSection":["actus"],"inLanguage":"en-GB","potentialAction":[{"@type":"CommentAction","name":"Comment","target":["https:\/\/parisavelo.fr\/2024\/08\/01\/pendant-les-jo-circulez-a-velo\/#respond"]}]},{"@type":"WebPage","@id":"https:\/\/parisavelo.fr\/2024\/08\/01\/pendant-les-jo-circulez-a-velo\/","url":"https:\/\/parisavelo.fr\/2024\/08\/01\/pendant-les-jo-circulez-a-velo\/","name":"Pendant les JO, circulez \u00e0 v\u00e9lo ! - Paris \u00e0 V\u00e9lo","isPartOf":{"@id":"https:\/\/parisavelo.fr\/#website"},"primaryImageOfPage":{"@id":"https:\/\/parisavelo.fr\/2024\/08\/01\/pendant-les-jo-circulez-a-velo\/#primaryimage"},"image":{"@id":"https:\/\/parisavelo.fr\/2024\/08\/01\/pendant-les-jo-circulez-a-velo\/#primaryimage"},"thumbnailUrl":"https:\/\/parisavelo.fr\/wp-content\/uploads\/2024\/07\/Carte-JO-velo.png","datePublished":"2024-08-01T08:53:19+00:00","dateModified":"2024-08-01T09:58:06+00:00","description":"Pour circulez pendants les JO, louez un v\u00e9lo, \u00e7a n'en sera que plus beau ! Les sites olympiques accessibles en tout confort, essayez...","breadcrumb":{"@id":"https:\/\/parisavelo.fr\/2024\/08\/01\/pendant-les-jo-circulez-a-velo\/#breadcrumb"},"inLanguage":"en-GB","potentialAction":[{"@type":"ReadAction","target":["https:\/\/parisavelo.fr\/2024\/08\/01\/pendant-les-jo-circulez-a-velo\/"]}]},{"@type":"ImageObject","inLanguage":"en-GB","@id":"https:\/\/parisavelo.fr\/2024\/08\/01\/pendant-les-jo-circulez-a-velo\/#primaryimage","url":"https:\/\/parisavelo.fr\/wp-content\/uploads\/2024\/07\/Carte-JO-velo.png","contentUrl":"https:\/\/parisavelo.fr\/wp-content\/uploads\/2024\/07\/Carte-JO-velo.png","width":919,"height":630},{"@type":"BreadcrumbList","@id":"https:\/\/parisavelo.fr\/2024\/08\/01\/pendant-les-jo-circulez-a-velo\/#breadcrumb","itemListElement":[{"@type":"ListItem","position":1,"name":"Home","item":"https:\/\/parisavelo.fr\/"},{"@type":"ListItem","position":2,"name":"Pendant les JO, circulez \u00e0 v\u00e9lo !"}]},{"@type":"WebSite","@id":"https:\/\/parisavelo.fr\/#website","url":"https:\/\/parisavelo.fr\/","name":"Paris \u00e0 V\u00e9lo","description":"The freedom of cycling in Paris","publisher":{"@id":"https:\/\/parisavelo.fr\/#organization"},"potentialAction":[{"@type":"SearchAction","target":{"@type":"EntryPoint","urlTemplate":"https:\/\/parisavelo.fr\/?s={search_term_string}"},"query-input":{"@type":"PropertyValueSpecification","valueRequired":true,"valueName":"search_term_string"}}],"inLanguage":"en-GB"},{"@type":"Organization","@id":"https:\/\/parisavelo.fr\/#organization","name":"Paris \u00e0 V\u00e9lo","url":"https:\/\/parisavelo.fr\/","logo":{"@type":"ImageObject","inLanguage":"en-GB","@id":"https:\/\/parisavelo.fr\/#\/schema\/logo\/image\/","url":"https:\/\/parisavelo.fr\/wp-content\/uploads\/2020\/03\/ParisAvelo-logo9-decli-01.png","contentUrl":"https:\/\/parisavelo.fr\/wp-content\/uploads\/2020\/03\/ParisAvelo-logo9-decli-01.png","width":1064,"height":1064,"caption":"Paris \u00e0 V\u00e9lo"},"image":{"@id":"https:\/\/parisavelo.fr\/#\/schema\/logo\/image\/"},"sameAs":["https:\/\/www.facebook.com\/parisavelo\/","https:\/\/x.com\/Parisvelosympa","https:\/\/www.instagram.com\/parisavelo_officiel","https:\/\/www.linkedin.com\/company\/parisavelo\/","https:\/\/www.pinterest.fr\/parisavelo\/","https:\/\/www.youtube.com\/channel\/UCO5cKd2Zqyl2N8ptTHYAODw"]},{"@type":"Person","@id":"https:\/\/parisavelo.fr\/#\/schema\/person\/19f88e2c3ae54c499557c3f3e7047bb5","name":"St\u00e9phanie Fleury","image":{"@type":"ImageObject","inLanguage":"en-GB","@id":"https:\/\/parisavelo.fr\/#\/schema\/person\/image\/","url":"https:\/\/secure.gravatar.com\/avatar\/a670d111887f66caf669ccab3cbd38f6459e5eb088aa97a78c0fd4cec33c50ed?s=96&d=mm&r=g","contentUrl":"https:\/\/secure.gravatar.com\/avatar\/a670d111887f66caf669ccab3cbd38f6459e5eb088aa97a78c0fd4cec33c50ed?s=96&d=mm&r=g","caption":"St\u00e9phanie Fleury"},"sameAs":["https:\/\/x.com\/mohamed"],"url":"https:\/\/parisavelo.fr\/en\/author\/stephanie\/"}]}},"_links":{"self":[{"href":"https:\/\/parisavelo.fr\/en\/wp-json\/wp\/v2\/posts\/3287","targetHints":{"allow":["GET"]}}],"collection":[{"href":"https:\/\/parisavelo.fr\/en\/wp-json\/wp\/v2\/posts"}],"about":[{"href":"https:\/\/parisavelo.fr\/en\/wp-json\/wp\/v2\/types\/post"}],"author":[{"embeddable":true,"href":"https:\/\/parisavelo.fr\/en\/wp-json\/wp\/v2\/users\/7"}],"replies":[{"embeddable":true,"href":"https:\/\/parisavelo.fr\/en\/wp-json\/wp\/v2\/comments?post=3287"}],"version-history":[{"count":3,"href":"https:\/\/parisavelo.fr\/en\/wp-json\/wp\/v2\/posts\/3287\/revisions"}],"predecessor-version":[{"id":3291,"href":"https:\/\/parisavelo.fr\/en\/wp-json\/wp\/v2\/posts\/3287\/revisions\/3291"}],"wp:featuredmedia":[{"embeddable":true,"href":"https:\/\/parisavelo.fr\/en\/wp-json\/wp\/v2\/media\/3288"}],"wp:attachment":[{"href":"https:\/\/parisavelo.fr\/en\/wp-json\/wp\/v2\/media?parent=3287"}],"wp:term":[{"taxonomy":"category","embeddable":true,"href":"https:\/\/parisavelo.fr\/en\/wp-json\/wp\/v2\/categories?post=3287"},{"taxonomy":"post_tag","embeddable":true,"href":"https:\/\/parisavelo.fr\/en\/wp-json\/wp\/v2\/tags?post=3287"}],"curies":[{"name":"wp","href":"https:\/\/api.w.org\/{rel}","templated":true}]}}