{"id":3187,"date":"2024-08-01T11:05:14","date_gmt":"2024-08-01T09:05:14","guid":{"rendered":"https:\/\/parisavelo.fr\/?p=3187"},"modified":"2024-08-01T11:55:58","modified_gmt":"2024-08-01T09:55:58","slug":"des-hotels-qui-securisent-vos-velos-la-nuit","status":"publish","type":"post","link":"https:\/\/parisavelo.fr\/en\/2024\/08\/01\/des-hotels-qui-securisent-vos-velos-la-nuit\/","title":{"rendered":"Des h\u00f4tels qui s\u00e9curisent vos v\u00e9los la nuit"},"content":{"rendered":"<p>[et_pb_section fb_built=\u00a0\u00bb1&Prime; admin_label=\u00a0\u00bbsection\u00a0\u00bb _builder_version=\u00a0\u00bb4.16&Prime; global_colors_info=\u00a0\u00bb{}\u00a0\u00bb][et_pb_row admin_label=\u00a0\u00bbrow\u00a0\u00bb _builder_version=\u00a0\u00bb4.16&Prime; background_size=\u00a0\u00bbinitial\u00a0\u00bb background_position=\u00a0\u00bbtop_left\u00a0\u00bb background_repeat=\u00a0\u00bbrepeat\u00a0\u00bb global_colors_info=\u00a0\u00bb{}\u00a0\u00bb][et_pb_column type=\u00a0\u00bb4_4&Prime; _builder_version=\u00a0\u00bb4.16&Prime; custom_padding=\u00a0\u00bb|||\u00a0\u00bb global_colors_info=\u00a0\u00bb{}\u00a0\u00bb custom_padding__hover=\u00a0\u00bb|||\u00a0\u00bb][et_pb_text admin_label=\u00a0\u00bbText\u00a0\u00bb _builder_version=\u00a0\u00bb4.16&Prime; global_colors_info=\u00a0\u00bb{}\u00a0\u00bb]<\/p>\n<h2 style=\"text-align: center;\">Une nuit sereine pour vos v\u00e9los !<\/h2>\n<p>&nbsp;<\/p>\n<p>[\/et_pb_text][et_pb_image src=\u00a0\u00bbhttps:\/\/parisavelo.fr\/wp-content\/uploads\/2024\/02\/bikes-923451_1280.jpg\u00a0\u00bb alt=\u00a0\u00bbParking \u00e0 v\u00e9los\u00a0\u00bb title_text=\u00a0\u00bbbikes-923451_1280&Prime; _builder_version=\u00a0\u00bb4.16&Prime; global_colors_info=\u00a0\u00bb{}\u00a0\u00bb][\/et_pb_image][et_pb_text admin_label=\u00a0\u00bbText\u00a0\u00bb _builder_version=\u00a0\u00bb4.16&Prime; global_colors_info=\u00a0\u00bb{}\u00a0\u00bb]<\/p>\n<p style=\"text-align: justify;\">Depuis plusieurs ann\u00e9es, nous faisons le m\u00eame constat\u2026<br \/>\nNos visiteurs, friands de d\u00e9couvrir notre ville lumi\u00e8re, souhaitent s\u2019\u00e9quiper d\u2019un v\u00e9lo le temps de leur s\u00e9jour parisien pour : une grande partie de leurs d\u00e9placements mais aussi et tout simplement pour vivre un Paris tout en balades.<\/p>\n<p style=\"text-align: justify;\">Oui mais , devant nos conseils que nous souhaitons avis\u00e9s, nous rencontrons des difficult\u00e9s&#8230;<br \/>\nSachant que les petites reines stationn\u00e9es la nuit dans les rues parisiennes sont fr\u00e9quemment men\u00e9es \u00e0 rude \u00e9preuve, nous pr\u00e9venons nos visiteurs en leur conseillant de se rapprocher de leur h\u00e9bergeur et ainsi de s\u2019assurer de l\u2019existence d\u2019une solution. Nombre d\u2019entre aux jouent dor\u00e9navant le jeu consid\u00e9rant pleinement leur client\u00e8le cycliste\u00a0! Mais, ils sont encore, \u00e0 notre go\u00fbt, loin d\u2019\u00eatre assez nombreux.<\/p>\n<p style=\"text-align: justify;\">Nous connaissons bien s\u00fbr les probl\u00e9matiques de notre territoire, notamment celles li\u00e9es au manque de place. Nous les comprenons ! Mais nous n\u2019en sommes pas moins d\u00e9sol\u00e9s, lorsque nos visiteurs tout penauds, r\u00e9alisent qu\u2019ils n\u2019auront malheureusement pas d\u2019emplacement s\u00e9curis\u00e9 pour accueillir leur monture de vacances en s\u00e9curit\u00e9 la nuit.<\/p>\n<p style=\"text-align: justify;\">Nous les aimons nos visiteurs, au moins autant que nos v\u00e9los\u00a0! Alors face \u00e0 cette probl\u00e9matique, nous nous sommes demand\u00e9 de quelle mani\u00e8re Paris \u00e0 V\u00e9lo pouvait contribuer \u00e0 sa r\u00e9solution\u2026 Ou plut\u00f4t, comment \u00e9pauler nos visiteurs dans leur d\u00e9marche cycliste \u00e0 Paris.\u00a0 Bien s\u00fbr, nous ne pourrons pas bouger les murs des h\u00f4tels, et notre pouvoir de persuasion a bien \u00e9videmment ses limites mais ce que nous pouvons faire, c\u2019est recenser l\u2019existant\u00a0! Alors en toute discr\u00e9tion, nous avons men\u00e9 l\u2019enqu\u00eate et <a href=\"https:\/\/bit.ly\/3unIA8D\">avons centralis\u00e9 sur une carte tous les h\u00f4tels parisiens qui nous ont propos\u00e9 une solution de stationnement v\u00e9lo pour la nuit.<\/a><\/p>\n<p style=\"text-align: justify;\">On pr\u00e9cise, que \u00e7a a bien \u00e9t\u00e9 notre seul crit\u00e8re et que nous ne nous sommes pas arr\u00eat\u00e9s sur les tarifs, la qualit\u00e9 de l\u2019h\u00e9bergement ou la chaleur de l\u2019accueil t\u00e9l\u00e9phonique, pour \u00e7a, on vous laisse travailler\u00a0! Cette liste n\u2019est bien s\u00fbr pas fig\u00e9e et ne demande qu\u2019\u00e0 \u00e9voluer\u2026 N\u2019h\u00e9sitez pas \u00e0 nous partager vos remarques et exp\u00e9riences sur la mani\u00e8re dont vos v\u00e9los ont \u00e9t\u00e9 accueillis, promis, on en fera bon usage ! A vous de jouer\u00a0\ud83d\ude09<\/p>\n<p style=\"text-align: justify;\">Et en journ\u00e9e&#8230; des <a href=\"https:\/\/parissecret.com\/le-parisien-a-cree-une-carte-de-tous-les-lieux-ou-attacher-son-velo-a-paris\/\" target=\"_blank\" rel=\"noopener noreferrer\">arceaux sont \u00e0 dispositions un peu partout dans la ville<\/a>. Et souvenez-vous qu&rsquo;un <a title=\"Jean Fourche conseils pour bien attacher son v\u00e9lo\" href=\"https:\/\/jeanfourche.fr\/blog\/securite-velo-ville\/comment-bien-attacher-son-velo-en-ville\/#:~:text=Toujours%20attacher%20son%20v%C3%A9lo%2C%20m%C3%AAme%20pour%20un%20court,cas%20de%20perte%20ou%20de%20vol%2C%20le%20d%C3%A9clarer\" target=\"_blank\" rel=\"noopener noreferrer\">v\u00e9lo bien attach\u00e9<\/a>, vous gagnerez en s\u00e9r\u00e9nit\u00e9 !<\/p>\n<p>&nbsp;<\/p>\n<p>[\/et_pb_text][et_pb_image src=\u00a0\u00bbhttps:\/\/parisavelo.fr\/wp-content\/uploads\/2024\/02\/velo-friendly.png\u00a0\u00bb alt=\u00a0\u00bbCarte de Paris H\u00f4tel proposant une solution de stationnement pour v\u00e9lo la nuit\u00a0\u00bb title_text=\u00a0\u00bbh\u00f4tels parisiens v\u00e9lo friendly\u00a0\u00bb url=\u00a0\u00bbhttps:\/\/bit.ly\/3unIA8D\u00a0\u00bb url_new_window=\u00a0\u00bbon\u00a0\u00bb _builder_version=\u00a0\u00bb4.16&Prime; global_colors_info=\u00a0\u00bb{}\u00a0\u00bb][\/et_pb_image][\/et_pb_column][\/et_pb_row][\/et_pb_section]<\/p>\n","protected":false},"excerpt":{"rendered":"<p>Une nuit sereine pour vos v\u00e9los ! &nbsp; Depuis plusieurs ann\u00e9es, nous faisons le m\u00eame constat\u2026 Nos visiteurs, friands de d\u00e9couvrir notre ville lumi\u00e8re, souhaitent s\u2019\u00e9quiper d\u2019un v\u00e9lo le temps de leur s\u00e9jour parisien pour : une grande partie de leurs d\u00e9placements mais aussi et tout simplement pour vivre un Paris tout en balades. Oui [&hellip;]<\/p>\n","protected":false},"author":7,"featured_media":0,"comment_status":"open","ping_status":"open","sticky":false,"template":"","format":"standard","meta":{"_et_pb_use_builder":"on","_et_pb_old_content":"","_et_gb_content_width":"","_monsterinsights_skip_tracking":false,"_monsterinsights_sitenote_active":false,"_monsterinsights_sitenote_note":"","_monsterinsights_sitenote_category":0,"footnotes":""},"categories":[17],"tags":[],"class_list":["post-3187","post","type-post","status-publish","format-standard","hentry","category-actus"],"yoast_head":"<!-- This site is optimized with the Yoast SEO plugin v26.5 - https:\/\/yoast.com\/wordpress\/plugins\/seo\/ -->\n<title>Des h\u00f4tels qui s\u00e9curisent vos v\u00e9los la nuit - Paris \u00e0 V\u00e9lo<\/title>\n<meta name=\"description\" content=\"Paris \u00e0 V\u00e9lo recense les h\u00f4tels parisiens proposant une solution de stationnement pour les v\u00e9los. Des v\u00e9los qui dorment en toute s\u00e9curit\u00e9...\" \/>\n<meta name=\"robots\" content=\"index, follow, max-snippet:-1, max-image-preview:large, max-video-preview:-1\" \/>\n<link rel=\"canonical\" href=\"https:\/\/parisavelo.fr\/en\/2024\/08\/01\/des-hotels-qui-securisent-vos-velos-la-nuit\/\" \/>\n<meta property=\"og:locale\" content=\"en_GB\" \/>\n<meta property=\"og:type\" content=\"article\" \/>\n<meta property=\"og:title\" content=\"Des h\u00f4tels qui s\u00e9curisent vos v\u00e9los la nuit - Paris \u00e0 V\u00e9lo\" \/>\n<meta property=\"og:description\" content=\"Paris \u00e0 V\u00e9lo recense les h\u00f4tels parisiens proposant une solution de stationnement pour les v\u00e9los. Des v\u00e9los qui dorment en toute s\u00e9curit\u00e9...\" \/>\n<meta property=\"og:url\" content=\"https:\/\/parisavelo.fr\/en\/2024\/08\/01\/des-hotels-qui-securisent-vos-velos-la-nuit\/\" \/>\n<meta property=\"og:site_name\" content=\"Paris \u00e0 V\u00e9lo\" \/>\n<meta property=\"article:publisher\" content=\"https:\/\/www.facebook.com\/parisavelo\/\" \/>\n<meta property=\"article:published_time\" content=\"2024-08-01T09:05:14+00:00\" \/>\n<meta property=\"article:modified_time\" content=\"2024-08-01T09:55:58+00:00\" \/>\n<meta property=\"og:image\" content=\"https:\/\/parisavelo.fr\/wp-content\/uploads\/2020\/03\/ParisAvelo-logo9-decli-01.png\" \/>\n\t<meta property=\"og:image:width\" content=\"1064\" \/>\n\t<meta property=\"og:image:height\" content=\"1064\" \/>\n\t<meta property=\"og:image:type\" content=\"image\/png\" \/>\n<meta name=\"author\" content=\"St\u00e9phanie Fleury\" \/>\n<meta name=\"twitter:card\" content=\"summary_large_image\" \/>\n<meta name=\"twitter:creator\" content=\"@mohamed\" \/>\n<meta name=\"twitter:site\" content=\"@Parisvelosympa\" \/>\n<meta name=\"twitter:label1\" content=\"Written by\" \/>\n\t<meta name=\"twitter:data1\" content=\"St\u00e9phanie Fleury\" \/>\n\t<meta name=\"twitter:label2\" content=\"Estimated reading time\" \/>\n\t<meta name=\"twitter:data2\" content=\"3 minutes\" \/>\n<script type=\"application\/ld+json\" class=\"yoast-schema-graph\">{\"@context\":\"https:\/\/schema.org\",\"@graph\":[{\"@type\":\"Article\",\"@id\":\"https:\/\/parisavelo.fr\/2024\/08\/01\/des-hotels-qui-securisent-vos-velos-la-nuit\/#article\",\"isPartOf\":{\"@id\":\"https:\/\/parisavelo.fr\/2024\/08\/01\/des-hotels-qui-securisent-vos-velos-la-nuit\/\"},\"author\":{\"name\":\"St\u00e9phanie Fleury\",\"@id\":\"https:\/\/parisavelo.fr\/#\/schema\/person\/19f88e2c3ae54c499557c3f3e7047bb5\"},\"headline\":\"Des h\u00f4tels qui s\u00e9curisent vos v\u00e9los la nuit\",\"datePublished\":\"2024-08-01T09:05:14+00:00\",\"dateModified\":\"2024-08-01T09:55:58+00:00\",\"mainEntityOfPage\":{\"@id\":\"https:\/\/parisavelo.fr\/2024\/08\/01\/des-hotels-qui-securisent-vos-velos-la-nuit\/\"},\"wordCount\":623,\"commentCount\":0,\"publisher\":{\"@id\":\"https:\/\/parisavelo.fr\/#organization\"},\"articleSection\":[\"actus\"],\"inLanguage\":\"en-GB\",\"potentialAction\":[{\"@type\":\"CommentAction\",\"name\":\"Comment\",\"target\":[\"https:\/\/parisavelo.fr\/2024\/08\/01\/des-hotels-qui-securisent-vos-velos-la-nuit\/#respond\"]}]},{\"@type\":\"WebPage\",\"@id\":\"https:\/\/parisavelo.fr\/2024\/08\/01\/des-hotels-qui-securisent-vos-velos-la-nuit\/\",\"url\":\"https:\/\/parisavelo.fr\/2024\/08\/01\/des-hotels-qui-securisent-vos-velos-la-nuit\/\",\"name\":\"Des h\u00f4tels qui s\u00e9curisent vos v\u00e9los la nuit - Paris \u00e0 V\u00e9lo\",\"isPartOf\":{\"@id\":\"https:\/\/parisavelo.fr\/#website\"},\"datePublished\":\"2024-08-01T09:05:14+00:00\",\"dateModified\":\"2024-08-01T09:55:58+00:00\",\"description\":\"Paris \u00e0 V\u00e9lo recense les h\u00f4tels parisiens proposant une solution de stationnement pour les v\u00e9los. Des v\u00e9los qui dorment en toute s\u00e9curit\u00e9...\",\"breadcrumb\":{\"@id\":\"https:\/\/parisavelo.fr\/2024\/08\/01\/des-hotels-qui-securisent-vos-velos-la-nuit\/#breadcrumb\"},\"inLanguage\":\"en-GB\",\"potentialAction\":[{\"@type\":\"ReadAction\",\"target\":[\"https:\/\/parisavelo.fr\/2024\/08\/01\/des-hotels-qui-securisent-vos-velos-la-nuit\/\"]}]},{\"@type\":\"BreadcrumbList\",\"@id\":\"https:\/\/parisavelo.fr\/2024\/08\/01\/des-hotels-qui-securisent-vos-velos-la-nuit\/#breadcrumb\",\"itemListElement\":[{\"@type\":\"ListItem\",\"position\":1,\"name\":\"Home\",\"item\":\"https:\/\/parisavelo.fr\/\"},{\"@type\":\"ListItem\",\"position\":2,\"name\":\"Des h\u00f4tels qui s\u00e9curisent vos v\u00e9los la nuit\"}]},{\"@type\":\"WebSite\",\"@id\":\"https:\/\/parisavelo.fr\/#website\",\"url\":\"https:\/\/parisavelo.fr\/\",\"name\":\"Paris \u00e0 V\u00e9lo\",\"description\":\"Le v\u00e9lo \u00e0 Paris, la libert\u00e9\",\"publisher\":{\"@id\":\"https:\/\/parisavelo.fr\/#organization\"},\"potentialAction\":[{\"@type\":\"SearchAction\",\"target\":{\"@type\":\"EntryPoint\",\"urlTemplate\":\"https:\/\/parisavelo.fr\/?s={search_term_string}\"},\"query-input\":{\"@type\":\"PropertyValueSpecification\",\"valueRequired\":true,\"valueName\":\"search_term_string\"}}],\"inLanguage\":\"en-GB\"},{\"@type\":\"Organization\",\"@id\":\"https:\/\/parisavelo.fr\/#organization\",\"name\":\"Paris \u00e0 V\u00e9lo\",\"url\":\"https:\/\/parisavelo.fr\/\",\"logo\":{\"@type\":\"ImageObject\",\"inLanguage\":\"en-GB\",\"@id\":\"https:\/\/parisavelo.fr\/#\/schema\/logo\/image\/\",\"url\":\"https:\/\/parisavelo.fr\/wp-content\/uploads\/2020\/03\/ParisAvelo-logo9-decli-01.png\",\"contentUrl\":\"https:\/\/parisavelo.fr\/wp-content\/uploads\/2020\/03\/ParisAvelo-logo9-decli-01.png\",\"width\":1064,\"height\":1064,\"caption\":\"Paris \u00e0 V\u00e9lo\"},\"image\":{\"@id\":\"https:\/\/parisavelo.fr\/#\/schema\/logo\/image\/\"},\"sameAs\":[\"https:\/\/www.facebook.com\/parisavelo\/\",\"https:\/\/x.com\/Parisvelosympa\",\"https:\/\/www.instagram.com\/parisavelo_officiel\",\"https:\/\/www.linkedin.com\/company\/parisavelo\/\",\"https:\/\/www.pinterest.fr\/parisavelo\/\",\"https:\/\/www.youtube.com\/channel\/UCO5cKd2Zqyl2N8ptTHYAODw\"]},{\"@type\":\"Person\",\"@id\":\"https:\/\/parisavelo.fr\/#\/schema\/person\/19f88e2c3ae54c499557c3f3e7047bb5\",\"name\":\"St\u00e9phanie Fleury\",\"image\":{\"@type\":\"ImageObject\",\"inLanguage\":\"en-GB\",\"@id\":\"https:\/\/parisavelo.fr\/#\/schema\/person\/image\/\",\"url\":\"https:\/\/secure.gravatar.com\/avatar\/a670d111887f66caf669ccab3cbd38f6459e5eb088aa97a78c0fd4cec33c50ed?s=96&d=mm&r=g\",\"contentUrl\":\"https:\/\/secure.gravatar.com\/avatar\/a670d111887f66caf669ccab3cbd38f6459e5eb088aa97a78c0fd4cec33c50ed?s=96&d=mm&r=g\",\"caption\":\"St\u00e9phanie Fleury\"},\"sameAs\":[\"https:\/\/x.com\/mohamed\"],\"url\":\"https:\/\/parisavelo.fr\/en\/author\/stephanie\/\"}]}<\/script>\n<!-- \/ Yoast SEO plugin. -->","yoast_head_json":{"title":"Des h\u00f4tels qui s\u00e9curisent vos v\u00e9los la nuit - Paris \u00e0 V\u00e9lo","description":"Paris \u00e0 V\u00e9lo recense les h\u00f4tels parisiens proposant une solution de stationnement pour les v\u00e9los. Des v\u00e9los qui dorment en toute s\u00e9curit\u00e9...","robots":{"index":"index","follow":"follow","max-snippet":"max-snippet:-1","max-image-preview":"max-image-preview:large","max-video-preview":"max-video-preview:-1"},"canonical":"https:\/\/parisavelo.fr\/en\/2024\/08\/01\/des-hotels-qui-securisent-vos-velos-la-nuit\/","og_locale":"en_GB","og_type":"article","og_title":"Des h\u00f4tels qui s\u00e9curisent vos v\u00e9los la nuit - Paris \u00e0 V\u00e9lo","og_description":"Paris \u00e0 V\u00e9lo recense les h\u00f4tels parisiens proposant une solution de stationnement pour les v\u00e9los. Des v\u00e9los qui dorment en toute s\u00e9curit\u00e9...","og_url":"https:\/\/parisavelo.fr\/en\/2024\/08\/01\/des-hotels-qui-securisent-vos-velos-la-nuit\/","og_site_name":"Paris \u00e0 V\u00e9lo","article_publisher":"https:\/\/www.facebook.com\/parisavelo\/","article_published_time":"2024-08-01T09:05:14+00:00","article_modified_time":"2024-08-01T09:55:58+00:00","og_image":[{"width":1064,"height":1064,"url":"https:\/\/parisavelo.fr\/wp-content\/uploads\/2020\/03\/ParisAvelo-logo9-decli-01.png","type":"image\/png"}],"author":"St\u00e9phanie Fleury","twitter_card":"summary_large_image","twitter_creator":"@mohamed","twitter_site":"@Parisvelosympa","twitter_misc":{"Written by":"St\u00e9phanie Fleury","Estimated reading time":"3 minutes"},"schema":{"@context":"https:\/\/schema.org","@graph":[{"@type":"Article","@id":"https:\/\/parisavelo.fr\/2024\/08\/01\/des-hotels-qui-securisent-vos-velos-la-nuit\/#article","isPartOf":{"@id":"https:\/\/parisavelo.fr\/2024\/08\/01\/des-hotels-qui-securisent-vos-velos-la-nuit\/"},"author":{"name":"St\u00e9phanie Fleury","@id":"https:\/\/parisavelo.fr\/#\/schema\/person\/19f88e2c3ae54c499557c3f3e7047bb5"},"headline":"Des h\u00f4tels qui s\u00e9curisent vos v\u00e9los la nuit","datePublished":"2024-08-01T09:05:14+00:00","dateModified":"2024-08-01T09:55:58+00:00","mainEntityOfPage":{"@id":"https:\/\/parisavelo.fr\/2024\/08\/01\/des-hotels-qui-securisent-vos-velos-la-nuit\/"},"wordCount":623,"commentCount":0,"publisher":{"@id":"https:\/\/parisavelo.fr\/#organization"},"articleSection":["actus"],"inLanguage":"en-GB","potentialAction":[{"@type":"CommentAction","name":"Comment","target":["https:\/\/parisavelo.fr\/2024\/08\/01\/des-hotels-qui-securisent-vos-velos-la-nuit\/#respond"]}]},{"@type":"WebPage","@id":"https:\/\/parisavelo.fr\/2024\/08\/01\/des-hotels-qui-securisent-vos-velos-la-nuit\/","url":"https:\/\/parisavelo.fr\/2024\/08\/01\/des-hotels-qui-securisent-vos-velos-la-nuit\/","name":"Des h\u00f4tels qui s\u00e9curisent vos v\u00e9los la nuit - Paris \u00e0 V\u00e9lo","isPartOf":{"@id":"https:\/\/parisavelo.fr\/#website"},"datePublished":"2024-08-01T09:05:14+00:00","dateModified":"2024-08-01T09:55:58+00:00","description":"Paris \u00e0 V\u00e9lo recense les h\u00f4tels parisiens proposant une solution de stationnement pour les v\u00e9los. Des v\u00e9los qui dorment en toute s\u00e9curit\u00e9...","breadcrumb":{"@id":"https:\/\/parisavelo.fr\/2024\/08\/01\/des-hotels-qui-securisent-vos-velos-la-nuit\/#breadcrumb"},"inLanguage":"en-GB","potentialAction":[{"@type":"ReadAction","target":["https:\/\/parisavelo.fr\/2024\/08\/01\/des-hotels-qui-securisent-vos-velos-la-nuit\/"]}]},{"@type":"BreadcrumbList","@id":"https:\/\/parisavelo.fr\/2024\/08\/01\/des-hotels-qui-securisent-vos-velos-la-nuit\/#breadcrumb","itemListElement":[{"@type":"ListItem","position":1,"name":"Home","item":"https:\/\/parisavelo.fr\/"},{"@type":"ListItem","position":2,"name":"Des h\u00f4tels qui s\u00e9curisent vos v\u00e9los la nuit"}]},{"@type":"WebSite","@id":"https:\/\/parisavelo.fr\/#website","url":"https:\/\/parisavelo.fr\/","name":"Paris \u00e0 V\u00e9lo","description":"The freedom of cycling in Paris","publisher":{"@id":"https:\/\/parisavelo.fr\/#organization"},"potentialAction":[{"@type":"SearchAction","target":{"@type":"EntryPoint","urlTemplate":"https:\/\/parisavelo.fr\/?s={search_term_string}"},"query-input":{"@type":"PropertyValueSpecification","valueRequired":true,"valueName":"search_term_string"}}],"inLanguage":"en-GB"},{"@type":"Organization","@id":"https:\/\/parisavelo.fr\/#organization","name":"Paris \u00e0 V\u00e9lo","url":"https:\/\/parisavelo.fr\/","logo":{"@type":"ImageObject","inLanguage":"en-GB","@id":"https:\/\/parisavelo.fr\/#\/schema\/logo\/image\/","url":"https:\/\/parisavelo.fr\/wp-content\/uploads\/2020\/03\/ParisAvelo-logo9-decli-01.png","contentUrl":"https:\/\/parisavelo.fr\/wp-content\/uploads\/2020\/03\/ParisAvelo-logo9-decli-01.png","width":1064,"height":1064,"caption":"Paris \u00e0 V\u00e9lo"},"image":{"@id":"https:\/\/parisavelo.fr\/#\/schema\/logo\/image\/"},"sameAs":["https:\/\/www.facebook.com\/parisavelo\/","https:\/\/x.com\/Parisvelosympa","https:\/\/www.instagram.com\/parisavelo_officiel","https:\/\/www.linkedin.com\/company\/parisavelo\/","https:\/\/www.pinterest.fr\/parisavelo\/","https:\/\/www.youtube.com\/channel\/UCO5cKd2Zqyl2N8ptTHYAODw"]},{"@type":"Person","@id":"https:\/\/parisavelo.fr\/#\/schema\/person\/19f88e2c3ae54c499557c3f3e7047bb5","name":"St\u00e9phanie Fleury","image":{"@type":"ImageObject","inLanguage":"en-GB","@id":"https:\/\/parisavelo.fr\/#\/schema\/person\/image\/","url":"https:\/\/secure.gravatar.com\/avatar\/a670d111887f66caf669ccab3cbd38f6459e5eb088aa97a78c0fd4cec33c50ed?s=96&d=mm&r=g","contentUrl":"https:\/\/secure.gravatar.com\/avatar\/a670d111887f66caf669ccab3cbd38f6459e5eb088aa97a78c0fd4cec33c50ed?s=96&d=mm&r=g","caption":"St\u00e9phanie Fleury"},"sameAs":["https:\/\/x.com\/mohamed"],"url":"https:\/\/parisavelo.fr\/en\/author\/stephanie\/"}]}},"_links":{"self":[{"href":"https:\/\/parisavelo.fr\/en\/wp-json\/wp\/v2\/posts\/3187","targetHints":{"allow":["GET"]}}],"collection":[{"href":"https:\/\/parisavelo.fr\/en\/wp-json\/wp\/v2\/posts"}],"about":[{"href":"https:\/\/parisavelo.fr\/en\/wp-json\/wp\/v2\/types\/post"}],"author":[{"embeddable":true,"href":"https:\/\/parisavelo.fr\/en\/wp-json\/wp\/v2\/users\/7"}],"replies":[{"embeddable":true,"href":"https:\/\/parisavelo.fr\/en\/wp-json\/wp\/v2\/comments?post=3187"}],"version-history":[{"count":10,"href":"https:\/\/parisavelo.fr\/en\/wp-json\/wp\/v2\/posts\/3187\/revisions"}],"predecessor-version":[{"id":3299,"href":"https:\/\/parisavelo.fr\/en\/wp-json\/wp\/v2\/posts\/3187\/revisions\/3299"}],"wp:attachment":[{"href":"https:\/\/parisavelo.fr\/en\/wp-json\/wp\/v2\/media?parent=3187"}],"wp:term":[{"taxonomy":"category","embeddable":true,"href":"https:\/\/parisavelo.fr\/en\/wp-json\/wp\/v2\/categories?post=3187"},{"taxonomy":"post_tag","embeddable":true,"href":"https:\/\/parisavelo.fr\/en\/wp-json\/wp\/v2\/tags?post=3187"}],"curies":[{"name":"wp","href":"https:\/\/api.w.org\/{rel}","templated":true}]}}