{"id":2935,"date":"2022-05-25T11:59:49","date_gmt":"2022-05-25T09:59:49","guid":{"rendered":"https:\/\/parisavelo.fr\/?p=2935"},"modified":"2024-08-01T11:09:10","modified_gmt":"2024-08-01T09:09:10","slug":"des-velos-pour-se-deplacer-en-famille","status":"publish","type":"post","link":"https:\/\/parisavelo.fr\/en\/2022\/05\/25\/des-velos-pour-se-deplacer-en-famille\/","title":{"rendered":"Bicycles to get around the family"},"content":{"rendered":"<p>[et_pb_section fb_built=\u00a0\u00bb1&Prime; admin_label=\u00a0\u00bbsection\u00a0\u00bb _builder_version=\u00a0\u00bb4.16&Prime; global_colors_info=\u00a0\u00bb{}\u00a0\u00bb][et_pb_row admin_label=\u00a0\u00bbrow\u00a0\u00bb _builder_version=\u00a0\u00bb4.16&Prime; background_size=\u00a0\u00bbinitial\u00a0\u00bb background_position=\u00a0\u00bbtop_left\u00a0\u00bb background_repeat=\u00a0\u00bbrepeat\u00a0\u00bb global_colors_info=\u00a0\u00bb{}\u00a0\u00bb][et_pb_column type=\u00a0\u00bb4_4&Prime; _builder_version=\u00a0\u00bb4.16&Prime; custom_padding=\u00a0\u00bb|||\u00a0\u00bb global_colors_info=\u00a0\u00bb{}\u00a0\u00bb custom_padding__hover=\u00a0\u00bb|||\u00a0\u00bb][et_pb_text admin_label=\u00a0\u00bbText\u00a0\u00bb _builder_version=\u00a0\u00bb4.16&Prime; global_colors_info=\u00a0\u00bb{}\u00a0\u00bb]<\/p>\n<h2 style=\"text-align: center;\">Se d\u00e9placer \u00e0 v\u00e9lo et en famille c&rsquo;est possible !<\/h2>\n<p>&nbsp;<br \/>\n[\/et_pb_text][et_pb_image src=\u00a0\u00bbhttps:\/\/parisavelo.fr\/wp-content\/uploads\/2022\/05\/velo-familles.png\u00a0\u00bb alt=\u00a0\u00bbS\u00e9lection v\u00e9los famille\u00a0\u00bb title_text=\u00a0\u00bbv\u00e9los familles\u00a0\u00bb _builder_version=\u00a0\u00bb4.16&Prime; global_colors_info=\u00a0\u00bb{}\u00a0\u00bb][\/et_pb_image][et_pb_text admin_label=\u00a0\u00bbText\u00a0\u00bb _builder_version=\u00a0\u00bb4.16&Prime; global_colors_info=\u00a0\u00bb{}\u00a0\u00bb]&nbsp;<\/p>\n<p><span class=\"JsGRdQ\" style=\"color: #000000; font-weight: 400; font-style: normal; text-decoration: none;\">D\u00e9couvrir Paris \u00e0 V\u00e9lo et en famille, c&rsquo;est possible et m\u00eame recommand\u00e9 ! Les enfants comme les parents en redemandent !<\/span><\/p>\n<p>&nbsp;<\/p>\n<h5><span class=\"JsGRdQ\" style=\"color: #003366; font-weight: 400; font-style: normal; text-decoration: none;\">V\u00e9lo cargo \u00e0 assistance \u00e9lectrique<\/span><\/h5>\n<p style=\"text-align: justify;\"><span class=\"JsGRdQ\" style=\"font-weight: 400; font-style: normal; text-decoration: none; color: #808080;\"><span class=\"JsGRdQ\" style=\"font-weight: 400; font-style: normal; text-decoration: none;\">Le v\u00e9lo parfait pour voyager ou se balader avec 1 ou 2 enfants dans une limite de 50 kg. Le <a title=\"Velo cargo\" href=\"https:\/\/parisavelo.fr\/2021\/03\/25\/le-velo-cargo\/\">v\u00e9lo cargo<\/a> offre une belle visibilit\u00e9, et un r\u00e9el confort. Il \u00e0 le vent en poupe et on sait pourquoi !<\/span><\/span><\/p>\n<h5><span class=\"JsGRdQ\" style=\"color: #003366; font-weight: 400; font-style: normal; text-decoration: none;\"><span class=\"JsGRdQ\" style=\"font-weight: 400; font-style: normal; text-decoration: none;\">V\u00e9lo long tail<\/span><\/span><\/h5>\n<p style=\"text-align: justify;\"><span class=\"JsGRdQ\" style=\"color: rgba(0, 0, 0, 0.5); font-weight: 400; font-style: normal; text-decoration: none;\"><span class=\"JsGRdQ\" style=\"font-weight: 400; font-style: normal; text-decoration: none;\">Voil\u00e0 notre petit dernier, et on n&rsquo;en est pas peu fier ! Un v\u00e9lo compact dot\u00e9 d&rsquo;un porte bagage allong\u00e9 et renfonc\u00e9 permettant le transport de passagers adulte ou enfants (dans la limite de 100Kg) en toute s\u00e9curit\u00e9. Ce v\u00e9lo \u00e0 assistance performante est adapt\u00e9 \u00e0 des cyclistes de 1,50 m \u00e0 1,95m en tout confort gr\u00e2ce \u00e0 ses selle et guidon modulables.<\/span><\/span><\/p>\n<h5><span class=\"JsGRdQ\" style=\"color: #003366; font-weight: 400; font-style: normal; text-decoration: none;\">Tandem adulte \/ enfant<\/span><\/h5>\n<p style=\"text-align: justify;\"><span class=\"JsGRdQ\" style=\"color: #808080; font-weight: 400; font-style: normal; text-decoration: none;\"><span class=\"JsGRdQ\" style=\"font-weight: 400; font-style: normal; text-decoration: none;\">Notre chouchou !<\/span> <span class=\"JsGRdQ\" style=\"font-weight: 400; font-style: normal; text-decoration: none;\">Pour 1 enfant de<\/span> <span class=\"JsGRdQ\" style=\"font-weight: 400; font-style: normal; text-decoration: none;\">6 \u00e0 environ 10 ans (fonction de sa taille) et un possible enfant<\/span> <span class=\"JsGRdQ\" style=\"font-weight: 400; font-style: normal; text-decoration: none;\">suppl\u00e9mentaire de 2 ou 3 ans, c&rsquo;est <a title=\"Onderwater, le tandem adulte\/enfant\" href=\"https:\/\/parisavelo.fr\/2021\/03\/26\/tandem-enfant-adulte\/\">LE v\u00e9lo<\/a> pour rendre vos enfants co-acteurs de vos d\u00e9placements. Une belle exp\u00e9rience toute en partage !<\/span><\/span><\/p>\n<h5><span class=\"JsGRdQ\" style=\"color: #003366; font-weight: 400; font-style: normal; text-decoration: none;\"><span class=\"JsGRdQ\" style=\"font-weight: 400; font-style: normal; text-decoration: none;\">Remorque enfants<\/span><\/span><\/h5>\n<p style=\"text-align: justify;\"><span class=\"JsGRdQ\" style=\"color: #808080; font-weight: 400; font-style: normal; text-decoration: none;\"><span class=\"JsGRdQ\" style=\"font-weight: 400; font-style: normal; text-decoration: none;\">Elle n&rsquo;est plus \u00e0 pr\u00e9senter ! La<a title=\"Remorque enfant\" href=\"https:\/\/parisavelo.fr\/2020\/06\/18\/remorque-enfants\/\"> remorque<\/a> transporte jusque 2 enfants (dans la limite de 40kg) dans un cocon de confort. Nos petites derni\u00e8res ont l&rsquo;immense atout de pouvoir se moduler en poussette une fois arriv\u00e9es \u00e0 destination.<\/span><\/span><\/p>\n<h5><span class=\"JsGRdQ\" style=\"color: #003366; font-weight: 400; font-style: normal; text-decoration: none;\"><span class=\"JsGRdQ\" style=\"font-weight: 400; font-style: normal; text-decoration: none;\">Si\u00e8ge enfant ou v\u00e9lo enfant<\/span><\/span><\/h5>\n<p style=\"text-align: justify;\"><span class=\"JsGRdQ\" style=\"color: #21485d; font-weight: 400; font-style: normal; text-decoration: none;\"><span class=\"JsGRdQ\" style=\"color: #000000; font-weight: 400; font-style: normal; text-decoration: none;\"><span style=\"color: #808080;\">A partir de l&rsquo;\u00e2ge auquel votre enfant s&rsquo;assoit jusqu&rsquo;\u00e0 environ 5\/6 ans, vous pouvez choisir de rouler avec votre enfant sur votre v\u00e9lo. Une solution \u00e9conomique et efficace.<\/span> <\/span><\/span><\/p>\n<p style=\"text-align: justify;\">\n<p style=\"text-align: justify;\"><span class=\"JsGRdQ\" style=\"color: #000000; font-weight: 400; font-style: normal; text-decoration: none;\"><span class=\"JsGRdQ\" style=\"font-weight: 400; font-style: normal; text-decoration: none;\">Le port du casque \u00e9tant obligatoire en France pour tout cycliste de moins de 12 ans, nous pr\u00eatons un casque \u00e0 vos enfants !<br \/>\nRetrouvez tous <a title=\"Tarifs de location \" href=\"https:\/\/parisavelo.fr\/location-de-velo-paris\/\">nos tarifs de location<\/a>.<br \/>\n<\/span><\/span><\/p>\n<p>&nbsp;<\/p>\n<p>&nbsp;<br \/>\n[\/et_pb_text][et_pb_image src=\u00a0\u00bbhttps:\/\/parisavelo.fr\/wp-content\/uploads\/2022\/05\/velos-famille-LQ-1024&#215;433.png\u00a0\u00bb alt=\u00a0\u00bbVelos famille\u00a0\u00bb title_text=\u00a0\u00bbvelos famille LQ\u00a0\u00bb _builder_version=\u00a0\u00bb4.16&Prime; global_colors_info=\u00a0\u00bb{}\u00a0\u00bb][\/et_pb_image][\/et_pb_column][\/et_pb_row][\/et_pb_section]<\/p>\n","protected":false},"excerpt":{"rendered":"<p>Se d\u00e9placer \u00e0 v\u00e9lo et en famille c&rsquo;est possible ! &nbsp; &nbsp; D\u00e9couvrir Paris \u00e0 V\u00e9lo et en famille, c&rsquo;est possible et m\u00eame recommand\u00e9 ! Les enfants comme les parents en redemandent ! &nbsp; V\u00e9lo cargo \u00e0 assistance \u00e9lectrique Le v\u00e9lo parfait pour voyager ou se balader avec 1 ou 2 enfants dans une limite [&hellip;]<\/p>\n","protected":false},"author":7,"featured_media":0,"comment_status":"open","ping_status":"open","sticky":false,"template":"","format":"standard","meta":{"_et_pb_use_builder":"on","_et_pb_old_content":"","_et_gb_content_width":"","_monsterinsights_skip_tracking":false,"_monsterinsights_sitenote_active":false,"_monsterinsights_sitenote_note":"","_monsterinsights_sitenote_category":0,"footnotes":""},"categories":[17],"tags":[],"class_list":["post-2935","post","type-post","status-publish","format-standard","hentry","category-actus"],"yoast_head":"<!-- This site is optimized with the Yoast SEO plugin v26.5 - https:\/\/yoast.com\/wordpress\/plugins\/seo\/ -->\n<title>Des v\u00e9los pour se d\u00e9placer en famille - Paris \u00e0 V\u00e9lo<\/title>\n<meta name=\"description\" content=\"Se d\u00e9placer \u00e0 v\u00e9lo et en famille dans Paris, c&#039;est possible et recommand\u00e9. Nous avons des solutions cyclables pour tous. On vous conseille !\" \/>\n<meta name=\"robots\" content=\"index, follow, max-snippet:-1, max-image-preview:large, max-video-preview:-1\" \/>\n<link rel=\"canonical\" href=\"https:\/\/parisavelo.fr\/en\/2022\/05\/25\/des-velos-pour-se-deplacer-en-famille\/\" \/>\n<meta property=\"og:locale\" content=\"en_GB\" \/>\n<meta property=\"og:type\" content=\"article\" \/>\n<meta property=\"og:title\" content=\"Des v\u00e9los pour se d\u00e9placer en famille - Paris \u00e0 V\u00e9lo\" \/>\n<meta property=\"og:description\" content=\"Se d\u00e9placer \u00e0 v\u00e9lo et en famille dans Paris, c&#039;est possible et recommand\u00e9. Nous avons des solutions cyclables pour tous. On vous conseille !\" \/>\n<meta property=\"og:url\" content=\"https:\/\/parisavelo.fr\/en\/2022\/05\/25\/des-velos-pour-se-deplacer-en-famille\/\" \/>\n<meta property=\"og:site_name\" content=\"Paris \u00e0 V\u00e9lo\" \/>\n<meta property=\"article:publisher\" content=\"https:\/\/www.facebook.com\/parisavelo\/\" \/>\n<meta property=\"article:published_time\" content=\"2022-05-25T09:59:49+00:00\" \/>\n<meta property=\"article:modified_time\" content=\"2024-08-01T09:09:10+00:00\" \/>\n<meta property=\"og:image\" content=\"https:\/\/parisavelo.fr\/wp-content\/uploads\/2020\/03\/ParisAvelo-logo9-decli-01.png\" \/>\n\t<meta property=\"og:image:width\" content=\"1064\" \/>\n\t<meta property=\"og:image:height\" content=\"1064\" \/>\n\t<meta property=\"og:image:type\" content=\"image\/png\" \/>\n<meta name=\"author\" content=\"St\u00e9phanie Fleury\" \/>\n<meta name=\"twitter:card\" content=\"summary_large_image\" \/>\n<meta name=\"twitter:creator\" content=\"@mohamed\" \/>\n<meta name=\"twitter:site\" content=\"@Parisvelosympa\" \/>\n<meta name=\"twitter:label1\" content=\"Written by\" \/>\n\t<meta name=\"twitter:data1\" content=\"St\u00e9phanie Fleury\" \/>\n\t<meta name=\"twitter:label2\" content=\"Estimated reading time\" \/>\n\t<meta name=\"twitter:data2\" content=\"2 minutes\" \/>\n<script type=\"application\/ld+json\" class=\"yoast-schema-graph\">{\"@context\":\"https:\/\/schema.org\",\"@graph\":[{\"@type\":\"Article\",\"@id\":\"https:\/\/parisavelo.fr\/2022\/05\/25\/des-velos-pour-se-deplacer-en-famille\/#article\",\"isPartOf\":{\"@id\":\"https:\/\/parisavelo.fr\/2022\/05\/25\/des-velos-pour-se-deplacer-en-famille\/\"},\"author\":{\"name\":\"St\u00e9phanie Fleury\",\"@id\":\"https:\/\/parisavelo.fr\/#\/schema\/person\/19f88e2c3ae54c499557c3f3e7047bb5\"},\"headline\":\"Des v\u00e9los pour se d\u00e9placer en famille\",\"datePublished\":\"2022-05-25T09:59:49+00:00\",\"dateModified\":\"2024-08-01T09:09:10+00:00\",\"mainEntityOfPage\":{\"@id\":\"https:\/\/parisavelo.fr\/2022\/05\/25\/des-velos-pour-se-deplacer-en-famille\/\"},\"wordCount\":452,\"commentCount\":0,\"publisher\":{\"@id\":\"https:\/\/parisavelo.fr\/#organization\"},\"articleSection\":[\"actus\"],\"inLanguage\":\"en-GB\",\"potentialAction\":[{\"@type\":\"CommentAction\",\"name\":\"Comment\",\"target\":[\"https:\/\/parisavelo.fr\/2022\/05\/25\/des-velos-pour-se-deplacer-en-famille\/#respond\"]}]},{\"@type\":\"WebPage\",\"@id\":\"https:\/\/parisavelo.fr\/2022\/05\/25\/des-velos-pour-se-deplacer-en-famille\/\",\"url\":\"https:\/\/parisavelo.fr\/2022\/05\/25\/des-velos-pour-se-deplacer-en-famille\/\",\"name\":\"Des v\u00e9los pour se d\u00e9placer en famille - Paris \u00e0 V\u00e9lo\",\"isPartOf\":{\"@id\":\"https:\/\/parisavelo.fr\/#website\"},\"datePublished\":\"2022-05-25T09:59:49+00:00\",\"dateModified\":\"2024-08-01T09:09:10+00:00\",\"description\":\"Se d\u00e9placer \u00e0 v\u00e9lo et en famille dans Paris, c'est possible et recommand\u00e9. Nous avons des solutions cyclables pour tous. On vous conseille !\",\"breadcrumb\":{\"@id\":\"https:\/\/parisavelo.fr\/2022\/05\/25\/des-velos-pour-se-deplacer-en-famille\/#breadcrumb\"},\"inLanguage\":\"en-GB\",\"potentialAction\":[{\"@type\":\"ReadAction\",\"target\":[\"https:\/\/parisavelo.fr\/2022\/05\/25\/des-velos-pour-se-deplacer-en-famille\/\"]}]},{\"@type\":\"BreadcrumbList\",\"@id\":\"https:\/\/parisavelo.fr\/2022\/05\/25\/des-velos-pour-se-deplacer-en-famille\/#breadcrumb\",\"itemListElement\":[{\"@type\":\"ListItem\",\"position\":1,\"name\":\"Home\",\"item\":\"https:\/\/parisavelo.fr\/\"},{\"@type\":\"ListItem\",\"position\":2,\"name\":\"Des v\u00e9los pour se d\u00e9placer en famille\"}]},{\"@type\":\"WebSite\",\"@id\":\"https:\/\/parisavelo.fr\/#website\",\"url\":\"https:\/\/parisavelo.fr\/\",\"name\":\"Paris \u00e0 V\u00e9lo\",\"description\":\"Le v\u00e9lo \u00e0 Paris, la libert\u00e9\",\"publisher\":{\"@id\":\"https:\/\/parisavelo.fr\/#organization\"},\"potentialAction\":[{\"@type\":\"SearchAction\",\"target\":{\"@type\":\"EntryPoint\",\"urlTemplate\":\"https:\/\/parisavelo.fr\/?s={search_term_string}\"},\"query-input\":{\"@type\":\"PropertyValueSpecification\",\"valueRequired\":true,\"valueName\":\"search_term_string\"}}],\"inLanguage\":\"en-GB\"},{\"@type\":\"Organization\",\"@id\":\"https:\/\/parisavelo.fr\/#organization\",\"name\":\"Paris \u00e0 V\u00e9lo\",\"url\":\"https:\/\/parisavelo.fr\/\",\"logo\":{\"@type\":\"ImageObject\",\"inLanguage\":\"en-GB\",\"@id\":\"https:\/\/parisavelo.fr\/#\/schema\/logo\/image\/\",\"url\":\"https:\/\/parisavelo.fr\/wp-content\/uploads\/2020\/03\/ParisAvelo-logo9-decli-01.png\",\"contentUrl\":\"https:\/\/parisavelo.fr\/wp-content\/uploads\/2020\/03\/ParisAvelo-logo9-decli-01.png\",\"width\":1064,\"height\":1064,\"caption\":\"Paris \u00e0 V\u00e9lo\"},\"image\":{\"@id\":\"https:\/\/parisavelo.fr\/#\/schema\/logo\/image\/\"},\"sameAs\":[\"https:\/\/www.facebook.com\/parisavelo\/\",\"https:\/\/x.com\/Parisvelosympa\",\"https:\/\/www.instagram.com\/parisavelo_officiel\",\"https:\/\/www.linkedin.com\/company\/parisavelo\/\",\"https:\/\/www.pinterest.fr\/parisavelo\/\",\"https:\/\/www.youtube.com\/channel\/UCO5cKd2Zqyl2N8ptTHYAODw\"]},{\"@type\":\"Person\",\"@id\":\"https:\/\/parisavelo.fr\/#\/schema\/person\/19f88e2c3ae54c499557c3f3e7047bb5\",\"name\":\"St\u00e9phanie Fleury\",\"image\":{\"@type\":\"ImageObject\",\"inLanguage\":\"en-GB\",\"@id\":\"https:\/\/parisavelo.fr\/#\/schema\/person\/image\/\",\"url\":\"https:\/\/secure.gravatar.com\/avatar\/a670d111887f66caf669ccab3cbd38f6459e5eb088aa97a78c0fd4cec33c50ed?s=96&d=mm&r=g\",\"contentUrl\":\"https:\/\/secure.gravatar.com\/avatar\/a670d111887f66caf669ccab3cbd38f6459e5eb088aa97a78c0fd4cec33c50ed?s=96&d=mm&r=g\",\"caption\":\"St\u00e9phanie Fleury\"},\"sameAs\":[\"https:\/\/x.com\/mohamed\"],\"url\":\"https:\/\/parisavelo.fr\/en\/author\/stephanie\/\"}]}<\/script>\n<!-- \/ Yoast SEO plugin. -->","yoast_head_json":{"title":"Bikes for the whole family - Paris \u00e0 V\u00e9lo","description":"Getting around Paris by bike with your family is possible and recommended. We have cycling solutions for everyone. We'll be happy to advise you!","robots":{"index":"index","follow":"follow","max-snippet":"max-snippet:-1","max-image-preview":"max-image-preview:large","max-video-preview":"max-video-preview:-1"},"canonical":"https:\/\/parisavelo.fr\/en\/2022\/05\/25\/des-velos-pour-se-deplacer-en-famille\/","og_locale":"en_GB","og_type":"article","og_title":"Des v\u00e9los pour se d\u00e9placer en famille - Paris \u00e0 V\u00e9lo","og_description":"Se d\u00e9placer \u00e0 v\u00e9lo et en famille dans Paris, c'est possible et recommand\u00e9. Nous avons des solutions cyclables pour tous. On vous conseille !","og_url":"https:\/\/parisavelo.fr\/en\/2022\/05\/25\/des-velos-pour-se-deplacer-en-famille\/","og_site_name":"Paris \u00e0 V\u00e9lo","article_publisher":"https:\/\/www.facebook.com\/parisavelo\/","article_published_time":"2022-05-25T09:59:49+00:00","article_modified_time":"2024-08-01T09:09:10+00:00","og_image":[{"width":1064,"height":1064,"url":"https:\/\/parisavelo.fr\/wp-content\/uploads\/2020\/03\/ParisAvelo-logo9-decli-01.png","type":"image\/png"}],"author":"St\u00e9phanie Fleury","twitter_card":"summary_large_image","twitter_creator":"@mohamed","twitter_site":"@Parisvelosympa","twitter_misc":{"Written by":"St\u00e9phanie Fleury","Estimated reading time":"2 minutes"},"schema":{"@context":"https:\/\/schema.org","@graph":[{"@type":"Article","@id":"https:\/\/parisavelo.fr\/2022\/05\/25\/des-velos-pour-se-deplacer-en-famille\/#article","isPartOf":{"@id":"https:\/\/parisavelo.fr\/2022\/05\/25\/des-velos-pour-se-deplacer-en-famille\/"},"author":{"name":"St\u00e9phanie Fleury","@id":"https:\/\/parisavelo.fr\/#\/schema\/person\/19f88e2c3ae54c499557c3f3e7047bb5"},"headline":"Des v\u00e9los pour se d\u00e9placer en famille","datePublished":"2022-05-25T09:59:49+00:00","dateModified":"2024-08-01T09:09:10+00:00","mainEntityOfPage":{"@id":"https:\/\/parisavelo.fr\/2022\/05\/25\/des-velos-pour-se-deplacer-en-famille\/"},"wordCount":452,"commentCount":0,"publisher":{"@id":"https:\/\/parisavelo.fr\/#organization"},"articleSection":["actus"],"inLanguage":"en-GB","potentialAction":[{"@type":"CommentAction","name":"Comment","target":["https:\/\/parisavelo.fr\/2022\/05\/25\/des-velos-pour-se-deplacer-en-famille\/#respond"]}]},{"@type":"WebPage","@id":"https:\/\/parisavelo.fr\/2022\/05\/25\/des-velos-pour-se-deplacer-en-famille\/","url":"https:\/\/parisavelo.fr\/2022\/05\/25\/des-velos-pour-se-deplacer-en-famille\/","name":"Bikes for the whole family - Paris \u00e0 V\u00e9lo","isPartOf":{"@id":"https:\/\/parisavelo.fr\/#website"},"datePublished":"2022-05-25T09:59:49+00:00","dateModified":"2024-08-01T09:09:10+00:00","description":"Getting around Paris by bike with your family is possible and recommended. We have cycling solutions for everyone. We'll be happy to advise you!","breadcrumb":{"@id":"https:\/\/parisavelo.fr\/2022\/05\/25\/des-velos-pour-se-deplacer-en-famille\/#breadcrumb"},"inLanguage":"en-GB","potentialAction":[{"@type":"ReadAction","target":["https:\/\/parisavelo.fr\/2022\/05\/25\/des-velos-pour-se-deplacer-en-famille\/"]}]},{"@type":"BreadcrumbList","@id":"https:\/\/parisavelo.fr\/2022\/05\/25\/des-velos-pour-se-deplacer-en-famille\/#breadcrumb","itemListElement":[{"@type":"ListItem","position":1,"name":"Home","item":"https:\/\/parisavelo.fr\/"},{"@type":"ListItem","position":2,"name":"Des v\u00e9los pour se d\u00e9placer en famille"}]},{"@type":"WebSite","@id":"https:\/\/parisavelo.fr\/#website","url":"https:\/\/parisavelo.fr\/","name":"Paris \u00e0 V\u00e9lo","description":"The freedom of cycling in Paris","publisher":{"@id":"https:\/\/parisavelo.fr\/#organization"},"potentialAction":[{"@type":"SearchAction","target":{"@type":"EntryPoint","urlTemplate":"https:\/\/parisavelo.fr\/?s={search_term_string}"},"query-input":{"@type":"PropertyValueSpecification","valueRequired":true,"valueName":"search_term_string"}}],"inLanguage":"en-GB"},{"@type":"Organization","@id":"https:\/\/parisavelo.fr\/#organization","name":"Paris \u00e0 V\u00e9lo","url":"https:\/\/parisavelo.fr\/","logo":{"@type":"ImageObject","inLanguage":"en-GB","@id":"https:\/\/parisavelo.fr\/#\/schema\/logo\/image\/","url":"https:\/\/parisavelo.fr\/wp-content\/uploads\/2020\/03\/ParisAvelo-logo9-decli-01.png","contentUrl":"https:\/\/parisavelo.fr\/wp-content\/uploads\/2020\/03\/ParisAvelo-logo9-decli-01.png","width":1064,"height":1064,"caption":"Paris \u00e0 V\u00e9lo"},"image":{"@id":"https:\/\/parisavelo.fr\/#\/schema\/logo\/image\/"},"sameAs":["https:\/\/www.facebook.com\/parisavelo\/","https:\/\/x.com\/Parisvelosympa","https:\/\/www.instagram.com\/parisavelo_officiel","https:\/\/www.linkedin.com\/company\/parisavelo\/","https:\/\/www.pinterest.fr\/parisavelo\/","https:\/\/www.youtube.com\/channel\/UCO5cKd2Zqyl2N8ptTHYAODw"]},{"@type":"Person","@id":"https:\/\/parisavelo.fr\/#\/schema\/person\/19f88e2c3ae54c499557c3f3e7047bb5","name":"St\u00e9phanie Fleury","image":{"@type":"ImageObject","inLanguage":"en-GB","@id":"https:\/\/parisavelo.fr\/#\/schema\/person\/image\/","url":"https:\/\/secure.gravatar.com\/avatar\/a670d111887f66caf669ccab3cbd38f6459e5eb088aa97a78c0fd4cec33c50ed?s=96&d=mm&r=g","contentUrl":"https:\/\/secure.gravatar.com\/avatar\/a670d111887f66caf669ccab3cbd38f6459e5eb088aa97a78c0fd4cec33c50ed?s=96&d=mm&r=g","caption":"St\u00e9phanie Fleury"},"sameAs":["https:\/\/x.com\/mohamed"],"url":"https:\/\/parisavelo.fr\/en\/author\/stephanie\/"}]}},"_links":{"self":[{"href":"https:\/\/parisavelo.fr\/en\/wp-json\/wp\/v2\/posts\/2935","targetHints":{"allow":["GET"]}}],"collection":[{"href":"https:\/\/parisavelo.fr\/en\/wp-json\/wp\/v2\/posts"}],"about":[{"href":"https:\/\/parisavelo.fr\/en\/wp-json\/wp\/v2\/types\/post"}],"author":[{"embeddable":true,"href":"https:\/\/parisavelo.fr\/en\/wp-json\/wp\/v2\/users\/7"}],"replies":[{"embeddable":true,"href":"https:\/\/parisavelo.fr\/en\/wp-json\/wp\/v2\/comments?post=2935"}],"version-history":[{"count":13,"href":"https:\/\/parisavelo.fr\/en\/wp-json\/wp\/v2\/posts\/2935\/revisions"}],"predecessor-version":[{"id":3294,"href":"https:\/\/parisavelo.fr\/en\/wp-json\/wp\/v2\/posts\/2935\/revisions\/3294"}],"wp:attachment":[{"href":"https:\/\/parisavelo.fr\/en\/wp-json\/wp\/v2\/media?parent=2935"}],"wp:term":[{"taxonomy":"category","embeddable":true,"href":"https:\/\/parisavelo.fr\/en\/wp-json\/wp\/v2\/categories?post=2935"},{"taxonomy":"post_tag","embeddable":true,"href":"https:\/\/parisavelo.fr\/en\/wp-json\/wp\/v2\/tags?post=2935"}],"curies":[{"name":"wp","href":"https:\/\/api.w.org\/{rel}","templated":true}]}}