{"id":2610,"date":"2021-03-25T10:13:43","date_gmt":"2021-03-25T09:13:43","guid":{"rendered":"https:\/\/parisavelo.fr\/?p=2610"},"modified":"2021-03-26T12:08:49","modified_gmt":"2021-03-26T11:08:49","slug":"paris-a-velo-et-confinement","status":"publish","type":"post","link":"https:\/\/parisavelo.fr\/en\/2021\/03\/25\/paris-a-velo-et-confinement\/","title":{"rendered":"Paris by Bike and confinement"},"content":{"rendered":"<p>[et_pb_section fb_built=\u00a0\u00bb1&Prime; admin_label=\u00a0\u00bbsection\u00a0\u00bb _builder_version=\u00a0\u00bb4.3.1&Prime;][et_pb_row admin_label=\u00a0\u00bbrow\u00a0\u00bb _builder_version=\u00a0\u00bb3.25&Prime; background_size=\u00a0\u00bbinitial\u00a0\u00bb background_position=\u00a0\u00bbtop_left\u00a0\u00bb background_repeat=\u00a0\u00bbrepeat\u00a0\u00bb][et_pb_column type=\u00a0\u00bb4_4&Prime; _builder_version=\u00a0\u00bb3.25&Prime; custom_padding=\u00a0\u00bb|||\u00a0\u00bb custom_padding__hover=\u00a0\u00bb|||\u00a0\u00bb][et_pb_text admin_label=\u00a0\u00bbText\u00a0\u00bb _builder_version=\u00a0\u00bb4.8.0&Prime;]<\/p>\n<h2 style=\"text-align: center;\">Comment vivre son confinement 3 dans Paris \u00e0 V\u00e9lo ?<\/h2>\n<p>&nbsp;<\/p>\n<p>[\/et_pb_text][et_pb_image src=\u00a0\u00bbhttps:\/\/parisavelo.fr\/wp-content\/uploads\/2020\/06\/piste-v\u00e9lo-scaled.jpg\u00a0\u00bb alt=\u00a0\u00bbPiste cyclable temporaire Paris logo v\u00e9lo\u00a0\u00bb title_text=\u00a0\u00bbD\u00e9confinement v\u00e9lo Paris\u00a0\u00bb align=\u00a0\u00bbcenter\u00a0\u00bb _builder_version=\u00a0\u00bb4.8.0&Prime;][\/et_pb_image][et_pb_text admin_label=\u00a0\u00bbText\u00a0\u00bb _builder_version=\u00a0\u00bb4.8.0&Prime;]<\/p>\n<p><span style=\"color: #000000;\">C&rsquo;est reparti pour un tour ! L&rsquo;Ile-de-France est de nouveau confin\u00e9e&#8230; A la diff\u00e9rence cette fois que notre p\u00e9rim\u00e8tre de libert\u00e9 est plus vaste de 10km et que la limite de temps s&rsquo;effectue entre 6h et 19h.<\/span><br \/><span style=\"color: #000000;\"> Autant dire que nos libert\u00e9s sont bien plus \u00e9tendues que lors de l&rsquo;\u00e9dition number one !<\/span><br \/><span style=\"color: #000000;\"> Alors, on sait, ce n&rsquo;est pas dr\u00f4le et on s&rsquo;en passerai bien mais il faut sans doute ce qu&rsquo;il faut pour esp\u00e9rer un jour que covidoudou soit de l&rsquo;histoire ancienne&#8230;<\/p>\n<p><\/span><span style=\"color: #000000;\">Nous restons donc ouverts 7\/7j pour vos prochaines sorties cyclistes. Du lundi au vendredi de 9h30 \u00e0 13h et de 14h \u00e0 17h et le weekend de 9h30 \u00e0 13h et de 14h \u00e0 18h.<\/p>\n<p><\/span><span style=\"color: #000000;\">En attendant, nous avons fait un tour d&rsquo;horizon de ce que nous pouvons faire autour de chez nous et bien s\u00fbr&#8230; \u00e0 v\u00e9lo ! On vous glisse quelques id\u00e9es&#8230;<br \/><\/span><\/p>\n<p><span style=\"color: #000000;\"><\/span><\/p>\n<p>&nbsp;<\/p>\n<p>[\/et_pb_text][et_pb_image src=\u00a0\u00bbhttps:\/\/parisavelo.fr\/wp-content\/uploads\/2021\/03\/idees-sorties-velo-1.png\u00a0\u00bb alt=\u00a0\u00bbsorties v\u00e9lo possible \u00e0 v\u00e9lo confinement 3&Prime; title_text=\u00a0\u00bbid\u00e9es sorties velo\u00a0\u00bb align=\u00a0\u00bbcenter\u00a0\u00bb _builder_version=\u00a0\u00bb4.8.0&Prime; width=\u00a0\u00bb100%\u00a0\u00bb custom_padding=\u00a0\u00bb0px|||||\u00a0\u00bb][\/et_pb_image][et_pb_text admin_label=\u00a0\u00bbText\u00a0\u00bb _builder_version=\u00a0\u00bb4.8.0&Prime;]<\/p>\n<p style=\"text-align: justify;\"><span style=\"color: #000000;\">Et si vous vous d\u00e9placez en famille, nous avons ce qu&rsquo;il vous faut :<br \/> <\/span><\/p>\n<ul>\n<li style=\"text-align: justify;\"><span style=\"color: #000000;\">si\u00e8ges enfant<\/span><\/li>\n<li style=\"text-align: justify;\"><span style=\"color: #0c71c3;\"><a href=\"https:\/\/parisavelo.fr\/2020\/06\/18\/remorque-enfants\/\" style=\"color: #0c71c3;\">remorques enfant<\/a><\/span><\/li>\n<li style=\"text-align: justify;\"><span style=\"color: #0c71c3;\"><a href=\"https:\/\/parisavelo.fr\/2021\/03\/25\/le-velo-cargo\/\" style=\"color: #0c71c3;\">V\u00e9lo cargo<\/a><\/span><\/li>\n<li style=\"text-align: justify;\"><a href=\"https:\/\/parisavelo.fr\/2021\/03\/26\/tandem-enfant-adulte\/\"><span style=\"color: #000000;\"><span style=\"color: #0c71c3;\">Tandems adulte\/enfant<\/span><\/span><\/a><\/li>\n<li style=\"text-align: justify;\"><span style=\"color: #000000;\">v\u00e9lo enfant \u00e0 partir de 20 pouces (environ 6\/9 ans)<\/span><\/li>\n<\/ul>\n<p><span style=\"color: #000000;\">Retrouvez tous nos<\/span> <a href=\"https:\/\/parisavelo.fr\/location-de-velo-paris\/\">tarifs de location.<\/a><\/p>\n<p style=\"text-align: justify;\"><span style=\"color: #000000;\"><\/span><\/p>\n<p style=\"text-align: justify;\"><span style=\"color: #000000;\">Pour le reste, sachez qu&rsquo;on fait le maximum pour vous accueillir dans les meilleures conditions en respectant les mesures sanitaires. <a href=\"https:\/\/parisavelo.fr\/2020\/03\/31\/covid-19-nos-mesures\/\">Nos mesures<\/a> correspondent notamment aux engagements pris par l&rsquo;Office de Tourisme et des Congr\u00e8s de Paris.<\/span><\/p>\n<p>[\/et_pb_text][\/et_pb_column][\/et_pb_row][\/et_pb_section][et_pb_section fb_built=\u00a0\u00bb1&Prime; _builder_version=\u00a0\u00bb4.0.7&Prime; custom_padding=\u00a0\u00bb0px||0px||true|false\u00a0\u00bb custom_css_main_element=\u00a0\u00bbdisplay: flex;||flex-direction: column;\u00a0\u00bb border_width_top=\u00a0\u00bb1px\u00a0\u00bb border_color_top=\u00a0\u00bb#e5e5e5&Prime; border_width_bottom=\u00a0\u00bb1px\u00a0\u00bb border_color_bottom=\u00a0\u00bb#e5e5e5&Prime; global_module=\u00a0\u00bb492&Prime; saved_tabs=\u00a0\u00bball\u00a0\u00bb][\/et_pb_section]<\/p>\n","protected":false},"excerpt":{"rendered":"<p>Comment vivre son confinement 3 dans Paris \u00e0 V\u00e9lo ? &nbsp;C&rsquo;est reparti pour un tour ! L&rsquo;Ile-de-France est de nouveau confin\u00e9e&#8230; A la diff\u00e9rence cette fois que notre p\u00e9rim\u00e8tre de libert\u00e9 est plus vaste de 10km et que la limite de temps s&rsquo;effectue entre 6h et 19h. Autant dire que nos libert\u00e9s sont bien plus [&hellip;]<\/p>\n","protected":false},"author":7,"featured_media":2627,"comment_status":"open","ping_status":"open","sticky":false,"template":"","format":"standard","meta":{"_et_pb_use_builder":"on","_et_pb_old_content":"","_et_gb_content_width":"","_monsterinsights_skip_tracking":false,"_monsterinsights_sitenote_active":false,"_monsterinsights_sitenote_note":"","_monsterinsights_sitenote_category":0,"footnotes":""},"categories":[17],"tags":[],"class_list":["post-2610","post","type-post","status-publish","format-standard","has-post-thumbnail","hentry","category-actus"],"yoast_head":"<!-- This site is optimized with the Yoast SEO plugin v26.5 - https:\/\/yoast.com\/wordpress\/plugins\/seo\/ -->\n<title>Paris \u00e0 V\u00e9lo et confinement - Paris \u00e0 V\u00e9lo<\/title>\n<meta name=\"description\" content=\"Le confinement a de nouveau \u00e9t\u00e9 annonc\u00e9. Profitez de tout votre p\u00e9rim\u00e8tre de 10 km autoris\u00e9 pour faire du v\u00e9lo \u00e0 Paris. Nous sommes ouverts !\" \/>\n<meta name=\"robots\" content=\"index, follow, max-snippet:-1, max-image-preview:large, max-video-preview:-1\" \/>\n<link rel=\"canonical\" href=\"https:\/\/parisavelo.fr\/en\/2021\/03\/25\/paris-a-velo-et-confinement\/\" \/>\n<meta property=\"og:locale\" content=\"en_GB\" \/>\n<meta property=\"og:type\" content=\"article\" \/>\n<meta property=\"og:title\" content=\"Paris \u00e0 V\u00e9lo et confinement - Paris \u00e0 V\u00e9lo\" \/>\n<meta property=\"og:description\" content=\"Le confinement a de nouveau \u00e9t\u00e9 annonc\u00e9. Profitez de tout votre p\u00e9rim\u00e8tre de 10 km autoris\u00e9 pour faire du v\u00e9lo \u00e0 Paris. Nous sommes ouverts !\" \/>\n<meta property=\"og:url\" content=\"https:\/\/parisavelo.fr\/en\/2021\/03\/25\/paris-a-velo-et-confinement\/\" \/>\n<meta property=\"og:site_name\" content=\"Paris \u00e0 V\u00e9lo\" \/>\n<meta property=\"article:publisher\" content=\"https:\/\/www.facebook.com\/parisavelo\/\" \/>\n<meta property=\"article:published_time\" content=\"2021-03-25T09:13:43+00:00\" \/>\n<meta property=\"article:modified_time\" content=\"2021-03-26T11:08:49+00:00\" \/>\n<meta property=\"og:image\" content=\"https:\/\/parisavelo.fr\/wp-content\/uploads\/2021\/03\/peri.png\" \/>\n\t<meta property=\"og:image:width\" content=\"707\" \/>\n\t<meta property=\"og:image:height\" content=\"737\" \/>\n\t<meta property=\"og:image:type\" content=\"image\/png\" \/>\n<meta name=\"author\" content=\"St\u00e9phanie Fleury\" \/>\n<meta name=\"twitter:card\" content=\"summary_large_image\" \/>\n<meta name=\"twitter:creator\" content=\"@mohamed\" \/>\n<meta name=\"twitter:site\" content=\"@Parisvelosympa\" \/>\n<meta name=\"twitter:label1\" content=\"Written by\" \/>\n\t<meta name=\"twitter:data1\" content=\"St\u00e9phanie Fleury\" \/>\n\t<meta name=\"twitter:label2\" content=\"Estimated reading time\" \/>\n\t<meta name=\"twitter:data2\" content=\"2 minutes\" \/>\n<script type=\"application\/ld+json\" class=\"yoast-schema-graph\">{\"@context\":\"https:\/\/schema.org\",\"@graph\":[{\"@type\":\"Article\",\"@id\":\"https:\/\/parisavelo.fr\/2021\/03\/25\/paris-a-velo-et-confinement\/#article\",\"isPartOf\":{\"@id\":\"https:\/\/parisavelo.fr\/2021\/03\/25\/paris-a-velo-et-confinement\/\"},\"author\":{\"name\":\"St\u00e9phanie Fleury\",\"@id\":\"https:\/\/parisavelo.fr\/#\/schema\/person\/19f88e2c3ae54c499557c3f3e7047bb5\"},\"headline\":\"Paris \u00e0 V\u00e9lo et confinement\",\"datePublished\":\"2021-03-25T09:13:43+00:00\",\"dateModified\":\"2021-03-26T11:08:49+00:00\",\"mainEntityOfPage\":{\"@id\":\"https:\/\/parisavelo.fr\/2021\/03\/25\/paris-a-velo-et-confinement\/\"},\"wordCount\":452,\"commentCount\":0,\"publisher\":{\"@id\":\"https:\/\/parisavelo.fr\/#organization\"},\"image\":{\"@id\":\"https:\/\/parisavelo.fr\/2021\/03\/25\/paris-a-velo-et-confinement\/#primaryimage\"},\"thumbnailUrl\":\"https:\/\/parisavelo.fr\/wp-content\/uploads\/2021\/03\/peri.png\",\"articleSection\":[\"actus\"],\"inLanguage\":\"en-GB\",\"potentialAction\":[{\"@type\":\"CommentAction\",\"name\":\"Comment\",\"target\":[\"https:\/\/parisavelo.fr\/2021\/03\/25\/paris-a-velo-et-confinement\/#respond\"]}]},{\"@type\":\"WebPage\",\"@id\":\"https:\/\/parisavelo.fr\/2021\/03\/25\/paris-a-velo-et-confinement\/\",\"url\":\"https:\/\/parisavelo.fr\/2021\/03\/25\/paris-a-velo-et-confinement\/\",\"name\":\"Paris \u00e0 V\u00e9lo et confinement - Paris \u00e0 V\u00e9lo\",\"isPartOf\":{\"@id\":\"https:\/\/parisavelo.fr\/#website\"},\"primaryImageOfPage\":{\"@id\":\"https:\/\/parisavelo.fr\/2021\/03\/25\/paris-a-velo-et-confinement\/#primaryimage\"},\"image\":{\"@id\":\"https:\/\/parisavelo.fr\/2021\/03\/25\/paris-a-velo-et-confinement\/#primaryimage\"},\"thumbnailUrl\":\"https:\/\/parisavelo.fr\/wp-content\/uploads\/2021\/03\/peri.png\",\"datePublished\":\"2021-03-25T09:13:43+00:00\",\"dateModified\":\"2021-03-26T11:08:49+00:00\",\"description\":\"Le confinement a de nouveau \u00e9t\u00e9 annonc\u00e9. Profitez de tout votre p\u00e9rim\u00e8tre de 10 km autoris\u00e9 pour faire du v\u00e9lo \u00e0 Paris. Nous sommes ouverts !\",\"breadcrumb\":{\"@id\":\"https:\/\/parisavelo.fr\/2021\/03\/25\/paris-a-velo-et-confinement\/#breadcrumb\"},\"inLanguage\":\"en-GB\",\"potentialAction\":[{\"@type\":\"ReadAction\",\"target\":[\"https:\/\/parisavelo.fr\/2021\/03\/25\/paris-a-velo-et-confinement\/\"]}]},{\"@type\":\"ImageObject\",\"inLanguage\":\"en-GB\",\"@id\":\"https:\/\/parisavelo.fr\/2021\/03\/25\/paris-a-velo-et-confinement\/#primaryimage\",\"url\":\"https:\/\/parisavelo.fr\/wp-content\/uploads\/2021\/03\/peri.png\",\"contentUrl\":\"https:\/\/parisavelo.fr\/wp-content\/uploads\/2021\/03\/peri.png\",\"width\":707,\"height\":737},{\"@type\":\"BreadcrumbList\",\"@id\":\"https:\/\/parisavelo.fr\/2021\/03\/25\/paris-a-velo-et-confinement\/#breadcrumb\",\"itemListElement\":[{\"@type\":\"ListItem\",\"position\":1,\"name\":\"Home\",\"item\":\"https:\/\/parisavelo.fr\/\"},{\"@type\":\"ListItem\",\"position\":2,\"name\":\"Paris \u00e0 V\u00e9lo et confinement\"}]},{\"@type\":\"WebSite\",\"@id\":\"https:\/\/parisavelo.fr\/#website\",\"url\":\"https:\/\/parisavelo.fr\/\",\"name\":\"Paris \u00e0 V\u00e9lo\",\"description\":\"Le v\u00e9lo \u00e0 Paris, la libert\u00e9\",\"publisher\":{\"@id\":\"https:\/\/parisavelo.fr\/#organization\"},\"potentialAction\":[{\"@type\":\"SearchAction\",\"target\":{\"@type\":\"EntryPoint\",\"urlTemplate\":\"https:\/\/parisavelo.fr\/?s={search_term_string}\"},\"query-input\":{\"@type\":\"PropertyValueSpecification\",\"valueRequired\":true,\"valueName\":\"search_term_string\"}}],\"inLanguage\":\"en-GB\"},{\"@type\":\"Organization\",\"@id\":\"https:\/\/parisavelo.fr\/#organization\",\"name\":\"Paris \u00e0 V\u00e9lo\",\"url\":\"https:\/\/parisavelo.fr\/\",\"logo\":{\"@type\":\"ImageObject\",\"inLanguage\":\"en-GB\",\"@id\":\"https:\/\/parisavelo.fr\/#\/schema\/logo\/image\/\",\"url\":\"https:\/\/parisavelo.fr\/wp-content\/uploads\/2020\/03\/ParisAvelo-logo9-decli-01.png\",\"contentUrl\":\"https:\/\/parisavelo.fr\/wp-content\/uploads\/2020\/03\/ParisAvelo-logo9-decli-01.png\",\"width\":1064,\"height\":1064,\"caption\":\"Paris \u00e0 V\u00e9lo\"},\"image\":{\"@id\":\"https:\/\/parisavelo.fr\/#\/schema\/logo\/image\/\"},\"sameAs\":[\"https:\/\/www.facebook.com\/parisavelo\/\",\"https:\/\/x.com\/Parisvelosympa\",\"https:\/\/www.instagram.com\/parisavelo_officiel\",\"https:\/\/www.linkedin.com\/company\/parisavelo\/\",\"https:\/\/www.pinterest.fr\/parisavelo\/\",\"https:\/\/www.youtube.com\/channel\/UCO5cKd2Zqyl2N8ptTHYAODw\"]},{\"@type\":\"Person\",\"@id\":\"https:\/\/parisavelo.fr\/#\/schema\/person\/19f88e2c3ae54c499557c3f3e7047bb5\",\"name\":\"St\u00e9phanie Fleury\",\"image\":{\"@type\":\"ImageObject\",\"inLanguage\":\"en-GB\",\"@id\":\"https:\/\/parisavelo.fr\/#\/schema\/person\/image\/\",\"url\":\"https:\/\/secure.gravatar.com\/avatar\/a670d111887f66caf669ccab3cbd38f6459e5eb088aa97a78c0fd4cec33c50ed?s=96&d=mm&r=g\",\"contentUrl\":\"https:\/\/secure.gravatar.com\/avatar\/a670d111887f66caf669ccab3cbd38f6459e5eb088aa97a78c0fd4cec33c50ed?s=96&d=mm&r=g\",\"caption\":\"St\u00e9phanie Fleury\"},\"sameAs\":[\"https:\/\/x.com\/mohamed\"],\"url\":\"https:\/\/parisavelo.fr\/en\/author\/stephanie\/\"}]}<\/script>\n<!-- \/ Yoast SEO plugin. -->","yoast_head_json":{"title":"Paris \u00e0 V\u00e9lo and confinement - Paris \u00e0 V\u00e9lo","description":"The lockdown has been announced again. Make the most of your authorised 10 km perimeter to cycle in Paris. We're open for business!","robots":{"index":"index","follow":"follow","max-snippet":"max-snippet:-1","max-image-preview":"max-image-preview:large","max-video-preview":"max-video-preview:-1"},"canonical":"https:\/\/parisavelo.fr\/en\/2021\/03\/25\/paris-a-velo-et-confinement\/","og_locale":"en_GB","og_type":"article","og_title":"Paris \u00e0 V\u00e9lo et confinement - Paris \u00e0 V\u00e9lo","og_description":"Le confinement a de nouveau \u00e9t\u00e9 annonc\u00e9. Profitez de tout votre p\u00e9rim\u00e8tre de 10 km autoris\u00e9 pour faire du v\u00e9lo \u00e0 Paris. Nous sommes ouverts !","og_url":"https:\/\/parisavelo.fr\/en\/2021\/03\/25\/paris-a-velo-et-confinement\/","og_site_name":"Paris \u00e0 V\u00e9lo","article_publisher":"https:\/\/www.facebook.com\/parisavelo\/","article_published_time":"2021-03-25T09:13:43+00:00","article_modified_time":"2021-03-26T11:08:49+00:00","og_image":[{"width":707,"height":737,"url":"https:\/\/parisavelo.fr\/wp-content\/uploads\/2021\/03\/peri.png","type":"image\/png"}],"author":"St\u00e9phanie Fleury","twitter_card":"summary_large_image","twitter_creator":"@mohamed","twitter_site":"@Parisvelosympa","twitter_misc":{"Written by":"St\u00e9phanie Fleury","Estimated reading time":"2 minutes"},"schema":{"@context":"https:\/\/schema.org","@graph":[{"@type":"Article","@id":"https:\/\/parisavelo.fr\/2021\/03\/25\/paris-a-velo-et-confinement\/#article","isPartOf":{"@id":"https:\/\/parisavelo.fr\/2021\/03\/25\/paris-a-velo-et-confinement\/"},"author":{"name":"St\u00e9phanie Fleury","@id":"https:\/\/parisavelo.fr\/#\/schema\/person\/19f88e2c3ae54c499557c3f3e7047bb5"},"headline":"Paris \u00e0 V\u00e9lo et confinement","datePublished":"2021-03-25T09:13:43+00:00","dateModified":"2021-03-26T11:08:49+00:00","mainEntityOfPage":{"@id":"https:\/\/parisavelo.fr\/2021\/03\/25\/paris-a-velo-et-confinement\/"},"wordCount":452,"commentCount":0,"publisher":{"@id":"https:\/\/parisavelo.fr\/#organization"},"image":{"@id":"https:\/\/parisavelo.fr\/2021\/03\/25\/paris-a-velo-et-confinement\/#primaryimage"},"thumbnailUrl":"https:\/\/parisavelo.fr\/wp-content\/uploads\/2021\/03\/peri.png","articleSection":["actus"],"inLanguage":"en-GB","potentialAction":[{"@type":"CommentAction","name":"Comment","target":["https:\/\/parisavelo.fr\/2021\/03\/25\/paris-a-velo-et-confinement\/#respond"]}]},{"@type":"WebPage","@id":"https:\/\/parisavelo.fr\/2021\/03\/25\/paris-a-velo-et-confinement\/","url":"https:\/\/parisavelo.fr\/2021\/03\/25\/paris-a-velo-et-confinement\/","name":"Paris \u00e0 V\u00e9lo and confinement - Paris \u00e0 V\u00e9lo","isPartOf":{"@id":"https:\/\/parisavelo.fr\/#website"},"primaryImageOfPage":{"@id":"https:\/\/parisavelo.fr\/2021\/03\/25\/paris-a-velo-et-confinement\/#primaryimage"},"image":{"@id":"https:\/\/parisavelo.fr\/2021\/03\/25\/paris-a-velo-et-confinement\/#primaryimage"},"thumbnailUrl":"https:\/\/parisavelo.fr\/wp-content\/uploads\/2021\/03\/peri.png","datePublished":"2021-03-25T09:13:43+00:00","dateModified":"2021-03-26T11:08:49+00:00","description":"The lockdown has been announced again. Make the most of your authorised 10 km perimeter to cycle in Paris. We're open for business!","breadcrumb":{"@id":"https:\/\/parisavelo.fr\/2021\/03\/25\/paris-a-velo-et-confinement\/#breadcrumb"},"inLanguage":"en-GB","potentialAction":[{"@type":"ReadAction","target":["https:\/\/parisavelo.fr\/2021\/03\/25\/paris-a-velo-et-confinement\/"]}]},{"@type":"ImageObject","inLanguage":"en-GB","@id":"https:\/\/parisavelo.fr\/2021\/03\/25\/paris-a-velo-et-confinement\/#primaryimage","url":"https:\/\/parisavelo.fr\/wp-content\/uploads\/2021\/03\/peri.png","contentUrl":"https:\/\/parisavelo.fr\/wp-content\/uploads\/2021\/03\/peri.png","width":707,"height":737},{"@type":"BreadcrumbList","@id":"https:\/\/parisavelo.fr\/2021\/03\/25\/paris-a-velo-et-confinement\/#breadcrumb","itemListElement":[{"@type":"ListItem","position":1,"name":"Home","item":"https:\/\/parisavelo.fr\/"},{"@type":"ListItem","position":2,"name":"Paris \u00e0 V\u00e9lo et confinement"}]},{"@type":"WebSite","@id":"https:\/\/parisavelo.fr\/#website","url":"https:\/\/parisavelo.fr\/","name":"Paris \u00e0 V\u00e9lo","description":"The freedom of cycling in Paris","publisher":{"@id":"https:\/\/parisavelo.fr\/#organization"},"potentialAction":[{"@type":"SearchAction","target":{"@type":"EntryPoint","urlTemplate":"https:\/\/parisavelo.fr\/?s={search_term_string}"},"query-input":{"@type":"PropertyValueSpecification","valueRequired":true,"valueName":"search_term_string"}}],"inLanguage":"en-GB"},{"@type":"Organization","@id":"https:\/\/parisavelo.fr\/#organization","name":"Paris \u00e0 V\u00e9lo","url":"https:\/\/parisavelo.fr\/","logo":{"@type":"ImageObject","inLanguage":"en-GB","@id":"https:\/\/parisavelo.fr\/#\/schema\/logo\/image\/","url":"https:\/\/parisavelo.fr\/wp-content\/uploads\/2020\/03\/ParisAvelo-logo9-decli-01.png","contentUrl":"https:\/\/parisavelo.fr\/wp-content\/uploads\/2020\/03\/ParisAvelo-logo9-decli-01.png","width":1064,"height":1064,"caption":"Paris \u00e0 V\u00e9lo"},"image":{"@id":"https:\/\/parisavelo.fr\/#\/schema\/logo\/image\/"},"sameAs":["https:\/\/www.facebook.com\/parisavelo\/","https:\/\/x.com\/Parisvelosympa","https:\/\/www.instagram.com\/parisavelo_officiel","https:\/\/www.linkedin.com\/company\/parisavelo\/","https:\/\/www.pinterest.fr\/parisavelo\/","https:\/\/www.youtube.com\/channel\/UCO5cKd2Zqyl2N8ptTHYAODw"]},{"@type":"Person","@id":"https:\/\/parisavelo.fr\/#\/schema\/person\/19f88e2c3ae54c499557c3f3e7047bb5","name":"St\u00e9phanie Fleury","image":{"@type":"ImageObject","inLanguage":"en-GB","@id":"https:\/\/parisavelo.fr\/#\/schema\/person\/image\/","url":"https:\/\/secure.gravatar.com\/avatar\/a670d111887f66caf669ccab3cbd38f6459e5eb088aa97a78c0fd4cec33c50ed?s=96&d=mm&r=g","contentUrl":"https:\/\/secure.gravatar.com\/avatar\/a670d111887f66caf669ccab3cbd38f6459e5eb088aa97a78c0fd4cec33c50ed?s=96&d=mm&r=g","caption":"St\u00e9phanie Fleury"},"sameAs":["https:\/\/x.com\/mohamed"],"url":"https:\/\/parisavelo.fr\/en\/author\/stephanie\/"}]}},"_links":{"self":[{"href":"https:\/\/parisavelo.fr\/en\/wp-json\/wp\/v2\/posts\/2610","targetHints":{"allow":["GET"]}}],"collection":[{"href":"https:\/\/parisavelo.fr\/en\/wp-json\/wp\/v2\/posts"}],"about":[{"href":"https:\/\/parisavelo.fr\/en\/wp-json\/wp\/v2\/types\/post"}],"author":[{"embeddable":true,"href":"https:\/\/parisavelo.fr\/en\/wp-json\/wp\/v2\/users\/7"}],"replies":[{"embeddable":true,"href":"https:\/\/parisavelo.fr\/en\/wp-json\/wp\/v2\/comments?post=2610"}],"version-history":[{"count":11,"href":"https:\/\/parisavelo.fr\/en\/wp-json\/wp\/v2\/posts\/2610\/revisions"}],"predecessor-version":[{"id":2659,"href":"https:\/\/parisavelo.fr\/en\/wp-json\/wp\/v2\/posts\/2610\/revisions\/2659"}],"wp:featuredmedia":[{"embeddable":true,"href":"https:\/\/parisavelo.fr\/en\/wp-json\/wp\/v2\/media\/2627"}],"wp:attachment":[{"href":"https:\/\/parisavelo.fr\/en\/wp-json\/wp\/v2\/media?parent=2610"}],"wp:term":[{"taxonomy":"category","embeddable":true,"href":"https:\/\/parisavelo.fr\/en\/wp-json\/wp\/v2\/categories?post=2610"},{"taxonomy":"post_tag","embeddable":true,"href":"https:\/\/parisavelo.fr\/en\/wp-json\/wp\/v2\/tags?post=2610"}],"curies":[{"name":"wp","href":"https:\/\/api.w.org\/{rel}","templated":true}]}}