{"id":2467,"date":"2021-02-01T14:46:31","date_gmt":"2021-02-01T13:46:31","guid":{"rendered":"https:\/\/parisavelo.fr\/?p=2467"},"modified":"2021-03-07T00:55:21","modified_gmt":"2021-03-06T23:55:21","slug":"femmes-et-velo-toute-une-histoire","status":"publish","type":"post","link":"https:\/\/parisavelo.fr\/en\/2021\/02\/01\/femmes-et-velo-toute-une-histoire\/","title":{"rendered":"Women and cycling: quite a story!"},"content":{"rendered":"<p>[et_pb_section fb_built=\u00a0\u00bb1&Prime; admin_label=\u00a0\u00bbsection\u00a0\u00bb _builder_version=\u00a0\u00bb4.3.1&Prime;][et_pb_row admin_label=\u00a0\u00bbrow\u00a0\u00bb _builder_version=\u00a0\u00bb3.25&Prime; background_size=\u00a0\u00bbinitial\u00a0\u00bb background_position=\u00a0\u00bbtop_left\u00a0\u00bb background_repeat=\u00a0\u00bbrepeat\u00a0\u00bb][et_pb_column type=\u00a0\u00bb4_4&Prime; _builder_version=\u00a0\u00bb3.25&Prime; custom_padding=\u00a0\u00bb|||\u00a0\u00bb custom_padding__hover=\u00a0\u00bb|||\u00a0\u00bb][et_pb_text admin_label=\u00a0\u00bbText\u00a0\u00bb _builder_version=\u00a0\u00bb4.8.0&Prime; custom_padding=\u00a0\u00bb1px|0px|1px|0px|true|true\u00a0\u00bb]<\/p>\n<h2 style=\"text-align: center;\">Parlons femmes \u00e0 ou en v\u00e9lo aux femmes et pas que&#8230;<br \/> Du 6 au 8 f\u00e9vrier<\/h2>\n<p>&nbsp;<\/p>\n<p>[\/et_pb_text][et_pb_image src=\u00a0\u00bbhttps:\/\/parisavelo.fr\/wp-content\/uploads\/2021\/01\/Visuel-Velo-femmes-b.png\u00a0\u00bb title_text=\u00a0\u00bbVisuel Velo femmes b\u00a0\u00bb align=\u00a0\u00bbcenter\u00a0\u00bb _builder_version=\u00a0\u00bb4.8.0&Prime; width=\u00a0\u00bb55%\u00a0\u00bb max_width=\u00a0\u00bb65%\u00a0\u00bb][\/et_pb_image][et_pb_text admin_label=\u00a0\u00bbText\u00a0\u00bb _builder_version=\u00a0\u00bb4.8.0&Prime; hover_enabled=\u00a0\u00bb0&Prime; sticky_enabled=\u00a0\u00bb0&Prime;]<\/p>\n<p><span style=\"font-size: 12px; color: #000000;\">Lee 8 mars, c&rsquo;est la journ\u00e9e international du droit des femmes. Et chez Paris \u00e0 V\u00e9lo, il s&rsquo;agit d&rsquo;un sujet qui nous tient \u00e0 c\u0153ur. En 2020, nous lancions la visite \u00ab\u00a0Paris f\u00e9ministe\u00a0\u00bb qui a su trouver un public enchant\u00e9 mais qui a \u00e9t\u00e9 vite restreinte par les \u00e9v\u00e9nement sanitaires&#8230;<br \/> En 2021, nous voulions de nouveau porter le sujet en vous proposant plusieurs rdv aux formats vari\u00e9s :<\/span><\/p>\n<ul>\n<li><span style=\"color: #000000;\"><span style=\"font-size: 12px;\">Samedi 6 mars \u00e0 14h :<a href=\"https:\/\/parisavelo.fr\/visite-guidee-velo-paris-feministe\/\"> <strong>Visite guid\u00e9e \u00e0 v\u00e9lo : \u00a0\u00bb Paris f\u00e9ministe \u00ab\u00a0<\/strong><\/a> (fonction des mesures gouvernementales)<\/span><\/span><\/li>\n<li><span style=\"color: #000000;\"><span style=\"font-size: 12px;\"> Dimanche 7 mars matin : <a href=\"https:\/\/parisavelo.fr\/2021\/02\/01\/cyclo-marrainons\/\"><strong>Cyclo-marrainons<\/strong><\/a> le lancement !<\/span><\/span><\/li>\n<li><span style=\"color: #000000;\"><span style=\"font-size: 12px;\">Dimanche 7 mars matin : Mise en ligne d&rsquo;un<a href=\"http:\/\/bit.ly\/2OuRUCB\" target=\"_blank\" rel=\"noopener noreferrer\"><strong> itin\u00e9raire v\u00e9lo \u00e0 faire en autonomie : \u00ab\u00a0Paris face f\u00e9ministe\u00a0\u00bb<\/strong><\/a><\/span><\/span><\/li>\n<li><span style=\"color: #000000;\"><span style=\"font-size: 12px;\"> Lundi 8 mars \u00e0 20h : <a href=\"https:\/\/parisavelo.fr\/2021\/02\/01\/webinaire-parlons-velos-femmes\/\"><strong>Webinaire \u00ab\u00a0Femmes et v\u00e9lo &#8211; toute une histoire\u00a0\u00bb<\/strong><\/a><\/span><a href=\"https:\/\/parisavelo.fr\/2021\/02\/01\/webinaire-parlons-velos-femmes\/\"><strong>\u00a0<\/strong><\/a><\/span><span style=\"color: #000000;\"><\/span><\/li>\n<\/ul>\n<p><span style=\"font-size: 12px;\"><span style=\"color: #000000;\">\u00a0Sur un v\u00e9lo ou chez vous, nous serons tr\u00e8s heureux de vous retrouver pour vous parler de ce qui tous les jours nous anime.<br \/> Nous avons h\u00e2te de vous retrouver !<br \/> <\/span><\/span><\/p>\n<p>[\/et_pb_text][\/et_pb_column][\/et_pb_row][\/et_pb_section]<\/p>\n","protected":false},"excerpt":{"rendered":"<p>Parlons femmes \u00e0 ou en v\u00e9lo aux femmes et pas que&#8230; Du 6 au 8 f\u00e9vrier &nbsp;Lee 8 mars, c&rsquo;est la journ\u00e9e international du droit des femmes. Et chez Paris \u00e0 V\u00e9lo, il s&rsquo;agit d&rsquo;un sujet qui nous tient \u00e0 c\u0153ur. En 2020, nous lancions la visite \u00ab\u00a0Paris f\u00e9ministe\u00a0\u00bb qui a su trouver un public [&hellip;]<\/p>\n","protected":false},"author":7,"featured_media":2471,"comment_status":"open","ping_status":"open","sticky":false,"template":"","format":"standard","meta":{"_et_pb_use_builder":"on","_et_pb_old_content":"","_et_gb_content_width":"","_monsterinsights_skip_tracking":false,"_monsterinsights_sitenote_active":false,"_monsterinsights_sitenote_note":"","_monsterinsights_sitenote_category":0,"footnotes":""},"categories":[17],"tags":[],"class_list":["post-2467","post","type-post","status-publish","format-standard","has-post-thumbnail","hentry","category-actus"],"yoast_head":"<!-- This site is optimized with the Yoast SEO plugin v26.5 - https:\/\/yoast.com\/wordpress\/plugins\/seo\/ -->\n<title>Femmes et v\u00e9lo : toute une histoire ! - Paris \u00e0 V\u00e9lo<\/title>\n<meta name=\"description\" content=\"A l&#039;occasion de la journ\u00e9e internationale du droit des femmes, Paris \u00e0 V\u00e9lo propose de porter le sujet en vous proposant plusieurs rdv.\" \/>\n<meta name=\"robots\" content=\"index, follow, max-snippet:-1, max-image-preview:large, max-video-preview:-1\" \/>\n<link rel=\"canonical\" href=\"https:\/\/parisavelo.fr\/en\/2021\/02\/01\/femmes-et-velo-toute-une-histoire\/\" \/>\n<meta property=\"og:locale\" content=\"en_GB\" \/>\n<meta property=\"og:type\" content=\"article\" \/>\n<meta property=\"og:title\" content=\"Femmes et v\u00e9lo : toute une histoire ! - Paris \u00e0 V\u00e9lo\" \/>\n<meta property=\"og:description\" content=\"A l&#039;occasion de la journ\u00e9e internationale du droit des femmes, Paris \u00e0 V\u00e9lo propose de porter le sujet en vous proposant plusieurs rdv.\" \/>\n<meta property=\"og:url\" content=\"https:\/\/parisavelo.fr\/en\/2021\/02\/01\/femmes-et-velo-toute-une-histoire\/\" \/>\n<meta property=\"og:site_name\" content=\"Paris \u00e0 V\u00e9lo\" \/>\n<meta property=\"article:publisher\" content=\"https:\/\/www.facebook.com\/parisavelo\/\" \/>\n<meta property=\"article:published_time\" content=\"2021-02-01T13:46:31+00:00\" \/>\n<meta property=\"article:modified_time\" content=\"2021-03-06T23:55:21+00:00\" \/>\n<meta property=\"og:image\" content=\"https:\/\/parisavelo.fr\/wp-content\/uploads\/2021\/01\/Visuel-Velo-femmes-b-e1612175207631.png\" \/>\n\t<meta property=\"og:image:width\" content=\"292\" \/>\n\t<meta property=\"og:image:height\" content=\"400\" \/>\n\t<meta property=\"og:image:type\" content=\"image\/png\" \/>\n<meta name=\"author\" content=\"St\u00e9phanie Fleury\" \/>\n<meta name=\"twitter:card\" content=\"summary_large_image\" \/>\n<meta name=\"twitter:creator\" content=\"@mohamed\" \/>\n<meta name=\"twitter:site\" content=\"@Parisvelosympa\" \/>\n<meta name=\"twitter:label1\" content=\"Written by\" \/>\n\t<meta name=\"twitter:data1\" content=\"St\u00e9phanie Fleury\" \/>\n\t<meta name=\"twitter:label2\" content=\"Estimated reading time\" \/>\n\t<meta name=\"twitter:data2\" content=\"1 minute\" \/>\n<script type=\"application\/ld+json\" class=\"yoast-schema-graph\">{\"@context\":\"https:\/\/schema.org\",\"@graph\":[{\"@type\":\"Article\",\"@id\":\"https:\/\/parisavelo.fr\/2021\/02\/01\/femmes-et-velo-toute-une-histoire\/#article\",\"isPartOf\":{\"@id\":\"https:\/\/parisavelo.fr\/2021\/02\/01\/femmes-et-velo-toute-une-histoire\/\"},\"author\":{\"name\":\"St\u00e9phanie Fleury\",\"@id\":\"https:\/\/parisavelo.fr\/#\/schema\/person\/19f88e2c3ae54c499557c3f3e7047bb5\"},\"headline\":\"Femmes et v\u00e9lo : toute une histoire !\",\"datePublished\":\"2021-02-01T13:46:31+00:00\",\"dateModified\":\"2021-03-06T23:55:21+00:00\",\"mainEntityOfPage\":{\"@id\":\"https:\/\/parisavelo.fr\/2021\/02\/01\/femmes-et-velo-toute-une-histoire\/\"},\"wordCount\":288,\"commentCount\":0,\"publisher\":{\"@id\":\"https:\/\/parisavelo.fr\/#organization\"},\"image\":{\"@id\":\"https:\/\/parisavelo.fr\/2021\/02\/01\/femmes-et-velo-toute-une-histoire\/#primaryimage\"},\"thumbnailUrl\":\"https:\/\/parisavelo.fr\/wp-content\/uploads\/2021\/01\/Visuel-Velo-femmes-b-e1612175207631.png\",\"articleSection\":[\"actus\"],\"inLanguage\":\"en-GB\",\"potentialAction\":[{\"@type\":\"CommentAction\",\"name\":\"Comment\",\"target\":[\"https:\/\/parisavelo.fr\/2021\/02\/01\/femmes-et-velo-toute-une-histoire\/#respond\"]}]},{\"@type\":\"WebPage\",\"@id\":\"https:\/\/parisavelo.fr\/2021\/02\/01\/femmes-et-velo-toute-une-histoire\/\",\"url\":\"https:\/\/parisavelo.fr\/2021\/02\/01\/femmes-et-velo-toute-une-histoire\/\",\"name\":\"Femmes et v\u00e9lo : toute une histoire ! - Paris \u00e0 V\u00e9lo\",\"isPartOf\":{\"@id\":\"https:\/\/parisavelo.fr\/#website\"},\"primaryImageOfPage\":{\"@id\":\"https:\/\/parisavelo.fr\/2021\/02\/01\/femmes-et-velo-toute-une-histoire\/#primaryimage\"},\"image\":{\"@id\":\"https:\/\/parisavelo.fr\/2021\/02\/01\/femmes-et-velo-toute-une-histoire\/#primaryimage\"},\"thumbnailUrl\":\"https:\/\/parisavelo.fr\/wp-content\/uploads\/2021\/01\/Visuel-Velo-femmes-b-e1612175207631.png\",\"datePublished\":\"2021-02-01T13:46:31+00:00\",\"dateModified\":\"2021-03-06T23:55:21+00:00\",\"description\":\"A l'occasion de la journ\u00e9e internationale du droit des femmes, Paris \u00e0 V\u00e9lo propose de porter le sujet en vous proposant plusieurs rdv.\",\"breadcrumb\":{\"@id\":\"https:\/\/parisavelo.fr\/2021\/02\/01\/femmes-et-velo-toute-une-histoire\/#breadcrumb\"},\"inLanguage\":\"en-GB\",\"potentialAction\":[{\"@type\":\"ReadAction\",\"target\":[\"https:\/\/parisavelo.fr\/2021\/02\/01\/femmes-et-velo-toute-une-histoire\/\"]}]},{\"@type\":\"ImageObject\",\"inLanguage\":\"en-GB\",\"@id\":\"https:\/\/parisavelo.fr\/2021\/02\/01\/femmes-et-velo-toute-une-histoire\/#primaryimage\",\"url\":\"https:\/\/parisavelo.fr\/wp-content\/uploads\/2021\/01\/Visuel-Velo-femmes-b-e1612175207631.png\",\"contentUrl\":\"https:\/\/parisavelo.fr\/wp-content\/uploads\/2021\/01\/Visuel-Velo-femmes-b-e1612175207631.png\",\"width\":292,\"height\":400,\"caption\":\"A l'occasion de la journ\u00e9e internationale du droit des Femmes, Paris \u00e0 V\u00e9lo propose plusieurs rdv.\"},{\"@type\":\"BreadcrumbList\",\"@id\":\"https:\/\/parisavelo.fr\/2021\/02\/01\/femmes-et-velo-toute-une-histoire\/#breadcrumb\",\"itemListElement\":[{\"@type\":\"ListItem\",\"position\":1,\"name\":\"Home\",\"item\":\"https:\/\/parisavelo.fr\/\"},{\"@type\":\"ListItem\",\"position\":2,\"name\":\"Femmes et v\u00e9lo : toute une histoire !\"}]},{\"@type\":\"WebSite\",\"@id\":\"https:\/\/parisavelo.fr\/#website\",\"url\":\"https:\/\/parisavelo.fr\/\",\"name\":\"Paris \u00e0 V\u00e9lo\",\"description\":\"Le v\u00e9lo \u00e0 Paris, la libert\u00e9\",\"publisher\":{\"@id\":\"https:\/\/parisavelo.fr\/#organization\"},\"potentialAction\":[{\"@type\":\"SearchAction\",\"target\":{\"@type\":\"EntryPoint\",\"urlTemplate\":\"https:\/\/parisavelo.fr\/?s={search_term_string}\"},\"query-input\":{\"@type\":\"PropertyValueSpecification\",\"valueRequired\":true,\"valueName\":\"search_term_string\"}}],\"inLanguage\":\"en-GB\"},{\"@type\":\"Organization\",\"@id\":\"https:\/\/parisavelo.fr\/#organization\",\"name\":\"Paris \u00e0 V\u00e9lo\",\"url\":\"https:\/\/parisavelo.fr\/\",\"logo\":{\"@type\":\"ImageObject\",\"inLanguage\":\"en-GB\",\"@id\":\"https:\/\/parisavelo.fr\/#\/schema\/logo\/image\/\",\"url\":\"https:\/\/parisavelo.fr\/wp-content\/uploads\/2020\/03\/ParisAvelo-logo9-decli-01.png\",\"contentUrl\":\"https:\/\/parisavelo.fr\/wp-content\/uploads\/2020\/03\/ParisAvelo-logo9-decli-01.png\",\"width\":1064,\"height\":1064,\"caption\":\"Paris \u00e0 V\u00e9lo\"},\"image\":{\"@id\":\"https:\/\/parisavelo.fr\/#\/schema\/logo\/image\/\"},\"sameAs\":[\"https:\/\/www.facebook.com\/parisavelo\/\",\"https:\/\/x.com\/Parisvelosympa\",\"https:\/\/www.instagram.com\/parisavelo_officiel\",\"https:\/\/www.linkedin.com\/company\/parisavelo\/\",\"https:\/\/www.pinterest.fr\/parisavelo\/\",\"https:\/\/www.youtube.com\/channel\/UCO5cKd2Zqyl2N8ptTHYAODw\"]},{\"@type\":\"Person\",\"@id\":\"https:\/\/parisavelo.fr\/#\/schema\/person\/19f88e2c3ae54c499557c3f3e7047bb5\",\"name\":\"St\u00e9phanie Fleury\",\"image\":{\"@type\":\"ImageObject\",\"inLanguage\":\"en-GB\",\"@id\":\"https:\/\/parisavelo.fr\/#\/schema\/person\/image\/\",\"url\":\"https:\/\/secure.gravatar.com\/avatar\/a670d111887f66caf669ccab3cbd38f6459e5eb088aa97a78c0fd4cec33c50ed?s=96&d=mm&r=g\",\"contentUrl\":\"https:\/\/secure.gravatar.com\/avatar\/a670d111887f66caf669ccab3cbd38f6459e5eb088aa97a78c0fd4cec33c50ed?s=96&d=mm&r=g\",\"caption\":\"St\u00e9phanie Fleury\"},\"sameAs\":[\"https:\/\/x.com\/mohamed\"],\"url\":\"https:\/\/parisavelo.fr\/en\/author\/stephanie\/\"}]}<\/script>\n<!-- \/ Yoast SEO plugin. -->","yoast_head_json":{"title":"Women and cycling: quite a story! - Paris by Bike","description":"To mark International Women's Rights Day, Paris \u00e0 V\u00e9lo is offering a number of events on the subject.","robots":{"index":"index","follow":"follow","max-snippet":"max-snippet:-1","max-image-preview":"max-image-preview:large","max-video-preview":"max-video-preview:-1"},"canonical":"https:\/\/parisavelo.fr\/en\/2021\/02\/01\/femmes-et-velo-toute-une-histoire\/","og_locale":"en_GB","og_type":"article","og_title":"Femmes et v\u00e9lo : toute une histoire ! - Paris \u00e0 V\u00e9lo","og_description":"A l'occasion de la journ\u00e9e internationale du droit des femmes, Paris \u00e0 V\u00e9lo propose de porter le sujet en vous proposant plusieurs rdv.","og_url":"https:\/\/parisavelo.fr\/en\/2021\/02\/01\/femmes-et-velo-toute-une-histoire\/","og_site_name":"Paris \u00e0 V\u00e9lo","article_publisher":"https:\/\/www.facebook.com\/parisavelo\/","article_published_time":"2021-02-01T13:46:31+00:00","article_modified_time":"2021-03-06T23:55:21+00:00","og_image":[{"width":292,"height":400,"url":"https:\/\/parisavelo.fr\/wp-content\/uploads\/2021\/01\/Visuel-Velo-femmes-b-e1612175207631.png","type":"image\/png"}],"author":"St\u00e9phanie Fleury","twitter_card":"summary_large_image","twitter_creator":"@mohamed","twitter_site":"@Parisvelosympa","twitter_misc":{"Written by":"St\u00e9phanie Fleury","Estimated reading time":"1 minute"},"schema":{"@context":"https:\/\/schema.org","@graph":[{"@type":"Article","@id":"https:\/\/parisavelo.fr\/2021\/02\/01\/femmes-et-velo-toute-une-histoire\/#article","isPartOf":{"@id":"https:\/\/parisavelo.fr\/2021\/02\/01\/femmes-et-velo-toute-une-histoire\/"},"author":{"name":"St\u00e9phanie Fleury","@id":"https:\/\/parisavelo.fr\/#\/schema\/person\/19f88e2c3ae54c499557c3f3e7047bb5"},"headline":"Femmes et v\u00e9lo : toute une histoire !","datePublished":"2021-02-01T13:46:31+00:00","dateModified":"2021-03-06T23:55:21+00:00","mainEntityOfPage":{"@id":"https:\/\/parisavelo.fr\/2021\/02\/01\/femmes-et-velo-toute-une-histoire\/"},"wordCount":288,"commentCount":0,"publisher":{"@id":"https:\/\/parisavelo.fr\/#organization"},"image":{"@id":"https:\/\/parisavelo.fr\/2021\/02\/01\/femmes-et-velo-toute-une-histoire\/#primaryimage"},"thumbnailUrl":"https:\/\/parisavelo.fr\/wp-content\/uploads\/2021\/01\/Visuel-Velo-femmes-b-e1612175207631.png","articleSection":["actus"],"inLanguage":"en-GB","potentialAction":[{"@type":"CommentAction","name":"Comment","target":["https:\/\/parisavelo.fr\/2021\/02\/01\/femmes-et-velo-toute-une-histoire\/#respond"]}]},{"@type":"WebPage","@id":"https:\/\/parisavelo.fr\/2021\/02\/01\/femmes-et-velo-toute-une-histoire\/","url":"https:\/\/parisavelo.fr\/2021\/02\/01\/femmes-et-velo-toute-une-histoire\/","name":"Women and cycling: quite a story! - Paris by Bike","isPartOf":{"@id":"https:\/\/parisavelo.fr\/#website"},"primaryImageOfPage":{"@id":"https:\/\/parisavelo.fr\/2021\/02\/01\/femmes-et-velo-toute-une-histoire\/#primaryimage"},"image":{"@id":"https:\/\/parisavelo.fr\/2021\/02\/01\/femmes-et-velo-toute-une-histoire\/#primaryimage"},"thumbnailUrl":"https:\/\/parisavelo.fr\/wp-content\/uploads\/2021\/01\/Visuel-Velo-femmes-b-e1612175207631.png","datePublished":"2021-02-01T13:46:31+00:00","dateModified":"2021-03-06T23:55:21+00:00","description":"To mark International Women's Rights Day, Paris \u00e0 V\u00e9lo is offering a number of events on the subject.","breadcrumb":{"@id":"https:\/\/parisavelo.fr\/2021\/02\/01\/femmes-et-velo-toute-une-histoire\/#breadcrumb"},"inLanguage":"en-GB","potentialAction":[{"@type":"ReadAction","target":["https:\/\/parisavelo.fr\/2021\/02\/01\/femmes-et-velo-toute-une-histoire\/"]}]},{"@type":"ImageObject","inLanguage":"en-GB","@id":"https:\/\/parisavelo.fr\/2021\/02\/01\/femmes-et-velo-toute-une-histoire\/#primaryimage","url":"https:\/\/parisavelo.fr\/wp-content\/uploads\/2021\/01\/Visuel-Velo-femmes-b-e1612175207631.png","contentUrl":"https:\/\/parisavelo.fr\/wp-content\/uploads\/2021\/01\/Visuel-Velo-femmes-b-e1612175207631.png","width":292,"height":400,"caption":"A l'occasion de la journ\u00e9e internationale du droit des Femmes, Paris \u00e0 V\u00e9lo propose plusieurs rdv."},{"@type":"BreadcrumbList","@id":"https:\/\/parisavelo.fr\/2021\/02\/01\/femmes-et-velo-toute-une-histoire\/#breadcrumb","itemListElement":[{"@type":"ListItem","position":1,"name":"Home","item":"https:\/\/parisavelo.fr\/"},{"@type":"ListItem","position":2,"name":"Femmes et v\u00e9lo : toute une histoire !"}]},{"@type":"WebSite","@id":"https:\/\/parisavelo.fr\/#website","url":"https:\/\/parisavelo.fr\/","name":"Paris \u00e0 V\u00e9lo","description":"The freedom of cycling in Paris","publisher":{"@id":"https:\/\/parisavelo.fr\/#organization"},"potentialAction":[{"@type":"SearchAction","target":{"@type":"EntryPoint","urlTemplate":"https:\/\/parisavelo.fr\/?s={search_term_string}"},"query-input":{"@type":"PropertyValueSpecification","valueRequired":true,"valueName":"search_term_string"}}],"inLanguage":"en-GB"},{"@type":"Organization","@id":"https:\/\/parisavelo.fr\/#organization","name":"Paris \u00e0 V\u00e9lo","url":"https:\/\/parisavelo.fr\/","logo":{"@type":"ImageObject","inLanguage":"en-GB","@id":"https:\/\/parisavelo.fr\/#\/schema\/logo\/image\/","url":"https:\/\/parisavelo.fr\/wp-content\/uploads\/2020\/03\/ParisAvelo-logo9-decli-01.png","contentUrl":"https:\/\/parisavelo.fr\/wp-content\/uploads\/2020\/03\/ParisAvelo-logo9-decli-01.png","width":1064,"height":1064,"caption":"Paris \u00e0 V\u00e9lo"},"image":{"@id":"https:\/\/parisavelo.fr\/#\/schema\/logo\/image\/"},"sameAs":["https:\/\/www.facebook.com\/parisavelo\/","https:\/\/x.com\/Parisvelosympa","https:\/\/www.instagram.com\/parisavelo_officiel","https:\/\/www.linkedin.com\/company\/parisavelo\/","https:\/\/www.pinterest.fr\/parisavelo\/","https:\/\/www.youtube.com\/channel\/UCO5cKd2Zqyl2N8ptTHYAODw"]},{"@type":"Person","@id":"https:\/\/parisavelo.fr\/#\/schema\/person\/19f88e2c3ae54c499557c3f3e7047bb5","name":"St\u00e9phanie Fleury","image":{"@type":"ImageObject","inLanguage":"en-GB","@id":"https:\/\/parisavelo.fr\/#\/schema\/person\/image\/","url":"https:\/\/secure.gravatar.com\/avatar\/a670d111887f66caf669ccab3cbd38f6459e5eb088aa97a78c0fd4cec33c50ed?s=96&d=mm&r=g","contentUrl":"https:\/\/secure.gravatar.com\/avatar\/a670d111887f66caf669ccab3cbd38f6459e5eb088aa97a78c0fd4cec33c50ed?s=96&d=mm&r=g","caption":"St\u00e9phanie Fleury"},"sameAs":["https:\/\/x.com\/mohamed"],"url":"https:\/\/parisavelo.fr\/en\/author\/stephanie\/"}]}},"_links":{"self":[{"href":"https:\/\/parisavelo.fr\/en\/wp-json\/wp\/v2\/posts\/2467","targetHints":{"allow":["GET"]}}],"collection":[{"href":"https:\/\/parisavelo.fr\/en\/wp-json\/wp\/v2\/posts"}],"about":[{"href":"https:\/\/parisavelo.fr\/en\/wp-json\/wp\/v2\/types\/post"}],"author":[{"embeddable":true,"href":"https:\/\/parisavelo.fr\/en\/wp-json\/wp\/v2\/users\/7"}],"replies":[{"embeddable":true,"href":"https:\/\/parisavelo.fr\/en\/wp-json\/wp\/v2\/comments?post=2467"}],"version-history":[{"count":9,"href":"https:\/\/parisavelo.fr\/en\/wp-json\/wp\/v2\/posts\/2467\/revisions"}],"predecessor-version":[{"id":2576,"href":"https:\/\/parisavelo.fr\/en\/wp-json\/wp\/v2\/posts\/2467\/revisions\/2576"}],"wp:featuredmedia":[{"embeddable":true,"href":"https:\/\/parisavelo.fr\/en\/wp-json\/wp\/v2\/media\/2471"}],"wp:attachment":[{"href":"https:\/\/parisavelo.fr\/en\/wp-json\/wp\/v2\/media?parent=2467"}],"wp:term":[{"taxonomy":"category","embeddable":true,"href":"https:\/\/parisavelo.fr\/en\/wp-json\/wp\/v2\/categories?post=2467"},{"taxonomy":"post_tag","embeddable":true,"href":"https:\/\/parisavelo.fr\/en\/wp-json\/wp\/v2\/tags?post=2467"}],"curies":[{"name":"wp","href":"https:\/\/api.w.org\/{rel}","templated":true}]}}