{"id":2274,"date":"2020-10-20T10:04:10","date_gmt":"2020-10-20T08:04:10","guid":{"rendered":"https:\/\/parisavelo.fr\/?p=2274"},"modified":"2020-10-22T21:30:49","modified_gmt":"2020-10-22T19:30:49","slug":"location-longue-duree-sans-engagement","status":"publish","type":"post","link":"https:\/\/parisavelo.fr\/en\/2020\/10\/20\/location-longue-duree-sans-engagement\/","title":{"rendered":"Long-term hire with NO commitment"},"content":{"rendered":"<p>[et_pb_section fb_built=\u00a0\u00bb1&Prime; admin_label=\u00a0\u00bbsection\u00a0\u00bb _builder_version=\u00a0\u00bb4.3.1&Prime;][et_pb_row admin_label=\u00a0\u00bbrow\u00a0\u00bb _builder_version=\u00a0\u00bb3.25&Prime; background_size=\u00a0\u00bbinitial\u00a0\u00bb background_position=\u00a0\u00bbtop_left\u00a0\u00bb background_repeat=\u00a0\u00bbrepeat\u00a0\u00bb][et_pb_column type=\u00a0\u00bb4_4&Prime; _builder_version=\u00a0\u00bb3.25&Prime; custom_padding=\u00a0\u00bb|||\u00a0\u00bb custom_padding__hover=\u00a0\u00bb|||\u00a0\u00bb][et_pb_text admin_label=\u00a0\u00bbText\u00a0\u00bb _builder_version=\u00a0\u00bb4.3.1&Prime;]<\/p>\n<h2 style=\"text-align: center;\">Paris \u00e0 v\u00e9lo lance une nouvelle offre de location<\/h2>\n<p>&nbsp;<\/p>\n<p>&nbsp;<\/p>\n<p>[\/et_pb_text][et_pb_image src=\u00a0\u00bbhttps:\/\/parisavelo.fr\/wp-content\/uploads\/2020\/10\/Loc-longue-dur\u00e9e.jpeg\u00a0\u00bb _builder_version=\u00a0\u00bb4.3.1&Prime;][\/et_pb_image][et_pb_text admin_label=\u00a0\u00bbText\u00a0\u00bb _builder_version=\u00a0\u00bb4.3.1&Prime;]<\/p>\n<p style=\"text-align: justify;\">L\u2019engouement pour le v\u00e9lo est exponentiel, et chez Paris \u00e0 V\u00e9lo \u00e7a nous met en joie !<\/p>\n<p style=\"text-align: justify;\">Les <a href=\"https:\/\/www.velo-territoires.org\/observatoires\/plateforme-nationale-de-frequentation\/frequentation-velo-deconfinement\/?fbclid=IwAR2DeNFkxS3PNPb4YEjbFzbnCXWZgRFM9dLHyaWnbdbsmGz71yQg9IBZrFE\">derniers chiffres de \u00ab V\u00e9lo et Territoires \u00bb<\/a> sont tomb\u00e9s : + 13% d\u2019usage du v\u00e9lo en zone urbaine sur l\u2019ann\u00e9e (p\u00e9riode de confinement inclus) par rapport \u00e0 2019.<br \/>Au-del\u00e0 de l\u2019engouement, il faut noter une am\u00e9lioration et un d\u00e9veloppement des am\u00e9nagements cyclables. M\u00eame si, on sait, on peut mieux faire : mais qui peut le plus, peut le plus ( \u00e0 suivre&#8230;).<br \/>En parall\u00e8le, les \u00e9tudes sont \u00e9quivoques : <a href=\"https:\/\/www.franceinter.fr\/emissions\/grand-bien-vous-fasse\/grand-bien-vous-fasse-28-mai-2020-0\">le v\u00e9lo, \u00e7a rend heureux<\/a> ! Ce n\u2019est plus \u00e0 prouver, nous en sommes convaincus.<\/p>\n<p>&nbsp;<\/p>\n<p>[\/et_pb_text][et_pb_image src=\u00a0\u00bbhttps:\/\/parisavelo.fr\/wp-content\/uploads\/2020\/10\/Steph.-F.-Paris-feministe-032020-42-b-1-scaled.jpg\u00a0\u00bb _builder_version=\u00a0\u00bb4.3.1&Prime;][\/et_pb_image][et_pb_text admin_label=\u00a0\u00bbText\u00a0\u00bb _builder_version=\u00a0\u00bb4.3.1&Prime; custom_padding=\u00a0\u00bb13px|0px|13px|0px|true|true\u00a0\u00bb]<\/p>\n<p style=\"text-align: justify;\">Enfin, par les temps qui courent, nous sommes assur\u00e9s \u00e0 v\u00e9lo de respecter notre bulle sanitaire\u2026<\/p>\n<p>Dans la \u00ab battle transports en commun VS v\u00e9lo \u00bb, la liste des arguments en faveur de la bicyclette est encore longue : fiabilit\u00e9, meilleure sant\u00e9 physique, baisse du stress, plaisir&#8230;<br \/>Oui mais voil\u00e0\u2026 la petite reine est devenue denr\u00e9e rare !<br \/>Alors si la motivation est l\u00e0, ne laissez pas retomber le souffl\u00e9 : Il faut battre le fer tant qu\u2019il est chaud.<br \/>Pour toutes ces raisons, chez Paris \u00e0 V\u00e9lo, nous sommes heureux de vous proposer d\u00e8s aujourd&rsquo;hui des <a href=\"https:\/\/parisavelo.fr\/location-de-velo-paris\/\">locations longue dur\u00e9e SANS engagement<\/a> ! 1 jour, 1 semaine, 1 mois ou plus ? Essayez-vous ou palliez le manque !<\/p>\n<p>[\/et_pb_text][et_pb_text admin_label=\u00a0\u00bbText\u00a0\u00bb _builder_version=\u00a0\u00bb4.3.1&Prime;][\/et_pb_text][et_pb_image src=\u00a0\u00bbhttps:\/\/parisavelo.fr\/wp-content\/uploads\/2020\/10\/v\u00e9lo-loc-longue-dur\u00e9e.png\u00a0\u00bb align=\u00a0\u00bbcenter\u00a0\u00bb _builder_version=\u00a0\u00bb4.3.1&Prime;][\/et_pb_image][et_pb_text admin_label=\u00a0\u00bbText\u00a0\u00bb _builder_version=\u00a0\u00bb4.3.1&Prime;]<\/p>\n<p>V\u00e9lo de ville, V\u00e9lo \u00e0 assistance \u00e9lectrique ou v\u00e9lo cargo : vous n&rsquo;avez plus qu&rsquo;\u00e0 choisir votre monture.<br \/>Bien s\u00fbr, si au cours de vos p\u00e9riples vous rencontrez un probl\u00e8me avec un de nos v\u00e9los, nous serons \u00e0 votre \u00e9coute pour vous pr\u00eater main forte si nous le pouvons ou pour vous orienter vers une solution.<br \/>Et si, avant de vous d\u00e9cider, vous souhaitez qu\u2019on en discute, contactez-nous !<\/p>\n<p>A tr\u00e8s vite sur l\u2019asphalte francilien\u2026<\/p>\n<p>[\/et_pb_text][\/et_pb_column][\/et_pb_row][\/et_pb_section]<\/p>\n","protected":false},"excerpt":{"rendered":"<p>Paris \u00e0 v\u00e9lo lance une nouvelle offre de location &nbsp; &nbsp;L\u2019engouement pour le v\u00e9lo est exponentiel, et chez Paris \u00e0 V\u00e9lo \u00e7a nous met en joie ! Les derniers chiffres de \u00ab V\u00e9lo et Territoires \u00bb sont tomb\u00e9s : + 13% d\u2019usage du v\u00e9lo en zone urbaine sur l\u2019ann\u00e9e (p\u00e9riode de confinement inclus) par rapport [&hellip;]<\/p>\n","protected":false},"author":7,"featured_media":2287,"comment_status":"open","ping_status":"open","sticky":false,"template":"","format":"standard","meta":{"_et_pb_use_builder":"on","_et_pb_old_content":"","_et_gb_content_width":"","_monsterinsights_skip_tracking":false,"_monsterinsights_sitenote_active":false,"_monsterinsights_sitenote_note":"","_monsterinsights_sitenote_category":0,"footnotes":""},"categories":[17],"tags":[],"class_list":["post-2274","post","type-post","status-publish","format-standard","has-post-thumbnail","hentry","category-actus"],"yoast_head":"<!-- This site is optimized with the Yoast SEO plugin v26.5 - https:\/\/yoast.com\/wordpress\/plugins\/seo\/ -->\n<title>Location longue dur\u00e9e SANS engagement - Paris \u00e0 V\u00e9lo<\/title>\n<meta name=\"description\" content=\"Paris \u00e0 V\u00e9lo lance une nouvelle offre de location v\u00e9lo : le location longue dur\u00e9e sans engagement. V\u00e9lo de ville, VAE ou v\u00e9lo cargo, vous avez le choix !\" \/>\n<meta name=\"robots\" content=\"index, follow, max-snippet:-1, max-image-preview:large, max-video-preview:-1\" \/>\n<link rel=\"canonical\" href=\"https:\/\/parisavelo.fr\/en\/2020\/10\/20\/location-longue-duree-sans-engagement\/\" \/>\n<meta property=\"og:locale\" content=\"en_GB\" \/>\n<meta property=\"og:type\" content=\"article\" \/>\n<meta property=\"og:title\" content=\"Location longue dur\u00e9e SANS engagement - Paris \u00e0 V\u00e9lo\" \/>\n<meta property=\"og:description\" content=\"Paris \u00e0 V\u00e9lo lance une nouvelle offre de location v\u00e9lo : le location longue dur\u00e9e sans engagement. V\u00e9lo de ville, VAE ou v\u00e9lo cargo, vous avez le choix !\" \/>\n<meta property=\"og:url\" content=\"https:\/\/parisavelo.fr\/en\/2020\/10\/20\/location-longue-duree-sans-engagement\/\" \/>\n<meta property=\"og:site_name\" content=\"Paris \u00e0 V\u00e9lo\" \/>\n<meta property=\"article:publisher\" content=\"https:\/\/www.facebook.com\/parisavelo\/\" \/>\n<meta property=\"article:published_time\" content=\"2020-10-20T08:04:10+00:00\" \/>\n<meta property=\"article:modified_time\" content=\"2020-10-22T19:30:49+00:00\" \/>\n<meta property=\"og:image\" content=\"https:\/\/parisavelo.fr\/wp-content\/uploads\/2020\/10\/Loc-longue-dur\u00e9e.jpeg\" \/>\n\t<meta property=\"og:image:width\" content=\"1920\" \/>\n\t<meta property=\"og:image:height\" content=\"1080\" \/>\n\t<meta property=\"og:image:type\" content=\"image\/jpeg\" \/>\n<meta name=\"author\" content=\"St\u00e9phanie Fleury\" \/>\n<meta name=\"twitter:card\" content=\"summary_large_image\" \/>\n<meta name=\"twitter:creator\" content=\"@mohamed\" \/>\n<meta name=\"twitter:site\" content=\"@Parisvelosympa\" \/>\n<meta name=\"twitter:label1\" content=\"Written by\" \/>\n\t<meta name=\"twitter:data1\" content=\"St\u00e9phanie Fleury\" \/>\n\t<meta name=\"twitter:label2\" content=\"Estimated reading time\" \/>\n\t<meta name=\"twitter:data2\" content=\"2 minutes\" \/>\n<script type=\"application\/ld+json\" class=\"yoast-schema-graph\">{\"@context\":\"https:\/\/schema.org\",\"@graph\":[{\"@type\":\"Article\",\"@id\":\"https:\/\/parisavelo.fr\/2020\/10\/20\/location-longue-duree-sans-engagement\/#article\",\"isPartOf\":{\"@id\":\"https:\/\/parisavelo.fr\/2020\/10\/20\/location-longue-duree-sans-engagement\/\"},\"author\":{\"name\":\"St\u00e9phanie Fleury\",\"@id\":\"https:\/\/parisavelo.fr\/#\/schema\/person\/19f88e2c3ae54c499557c3f3e7047bb5\"},\"headline\":\"Location longue dur\u00e9e SANS engagement\",\"datePublished\":\"2020-10-20T08:04:10+00:00\",\"dateModified\":\"2020-10-22T19:30:49+00:00\",\"mainEntityOfPage\":{\"@id\":\"https:\/\/parisavelo.fr\/2020\/10\/20\/location-longue-duree-sans-engagement\/\"},\"wordCount\":491,\"commentCount\":0,\"publisher\":{\"@id\":\"https:\/\/parisavelo.fr\/#organization\"},\"image\":{\"@id\":\"https:\/\/parisavelo.fr\/2020\/10\/20\/location-longue-duree-sans-engagement\/#primaryimage\"},\"thumbnailUrl\":\"https:\/\/parisavelo.fr\/wp-content\/uploads\/2020\/10\/Loc-longue-dur\u00e9e.jpeg\",\"articleSection\":[\"actus\"],\"inLanguage\":\"en-GB\",\"potentialAction\":[{\"@type\":\"CommentAction\",\"name\":\"Comment\",\"target\":[\"https:\/\/parisavelo.fr\/2020\/10\/20\/location-longue-duree-sans-engagement\/#respond\"]}]},{\"@type\":\"WebPage\",\"@id\":\"https:\/\/parisavelo.fr\/2020\/10\/20\/location-longue-duree-sans-engagement\/\",\"url\":\"https:\/\/parisavelo.fr\/2020\/10\/20\/location-longue-duree-sans-engagement\/\",\"name\":\"Location longue dur\u00e9e SANS engagement - Paris \u00e0 V\u00e9lo\",\"isPartOf\":{\"@id\":\"https:\/\/parisavelo.fr\/#website\"},\"primaryImageOfPage\":{\"@id\":\"https:\/\/parisavelo.fr\/2020\/10\/20\/location-longue-duree-sans-engagement\/#primaryimage\"},\"image\":{\"@id\":\"https:\/\/parisavelo.fr\/2020\/10\/20\/location-longue-duree-sans-engagement\/#primaryimage\"},\"thumbnailUrl\":\"https:\/\/parisavelo.fr\/wp-content\/uploads\/2020\/10\/Loc-longue-dur\u00e9e.jpeg\",\"datePublished\":\"2020-10-20T08:04:10+00:00\",\"dateModified\":\"2020-10-22T19:30:49+00:00\",\"description\":\"Paris \u00e0 V\u00e9lo lance une nouvelle offre de location v\u00e9lo : le location longue dur\u00e9e sans engagement. V\u00e9lo de ville, VAE ou v\u00e9lo cargo, vous avez le choix !\",\"breadcrumb\":{\"@id\":\"https:\/\/parisavelo.fr\/2020\/10\/20\/location-longue-duree-sans-engagement\/#breadcrumb\"},\"inLanguage\":\"en-GB\",\"potentialAction\":[{\"@type\":\"ReadAction\",\"target\":[\"https:\/\/parisavelo.fr\/2020\/10\/20\/location-longue-duree-sans-engagement\/\"]}]},{\"@type\":\"ImageObject\",\"inLanguage\":\"en-GB\",\"@id\":\"https:\/\/parisavelo.fr\/2020\/10\/20\/location-longue-duree-sans-engagement\/#primaryimage\",\"url\":\"https:\/\/parisavelo.fr\/wp-content\/uploads\/2020\/10\/Loc-longue-dur\u00e9e.jpeg\",\"contentUrl\":\"https:\/\/parisavelo.fr\/wp-content\/uploads\/2020\/10\/Loc-longue-dur\u00e9e.jpeg\",\"width\":1920,\"height\":1080,\"caption\":\"Paris \u00e0 V\u00e9lo lance la location de v\u00e9lo de ville, V\u00e9lo \u00e0 Assistance \u00c9lectrique (VAE), v\u00e9lo cargo longue dur\u00e9e sans engagement\"},{\"@type\":\"BreadcrumbList\",\"@id\":\"https:\/\/parisavelo.fr\/2020\/10\/20\/location-longue-duree-sans-engagement\/#breadcrumb\",\"itemListElement\":[{\"@type\":\"ListItem\",\"position\":1,\"name\":\"Home\",\"item\":\"https:\/\/parisavelo.fr\/\"},{\"@type\":\"ListItem\",\"position\":2,\"name\":\"Location longue dur\u00e9e SANS engagement\"}]},{\"@type\":\"WebSite\",\"@id\":\"https:\/\/parisavelo.fr\/#website\",\"url\":\"https:\/\/parisavelo.fr\/\",\"name\":\"Paris \u00e0 V\u00e9lo\",\"description\":\"Le v\u00e9lo \u00e0 Paris, la libert\u00e9\",\"publisher\":{\"@id\":\"https:\/\/parisavelo.fr\/#organization\"},\"potentialAction\":[{\"@type\":\"SearchAction\",\"target\":{\"@type\":\"EntryPoint\",\"urlTemplate\":\"https:\/\/parisavelo.fr\/?s={search_term_string}\"},\"query-input\":{\"@type\":\"PropertyValueSpecification\",\"valueRequired\":true,\"valueName\":\"search_term_string\"}}],\"inLanguage\":\"en-GB\"},{\"@type\":\"Organization\",\"@id\":\"https:\/\/parisavelo.fr\/#organization\",\"name\":\"Paris \u00e0 V\u00e9lo\",\"url\":\"https:\/\/parisavelo.fr\/\",\"logo\":{\"@type\":\"ImageObject\",\"inLanguage\":\"en-GB\",\"@id\":\"https:\/\/parisavelo.fr\/#\/schema\/logo\/image\/\",\"url\":\"https:\/\/parisavelo.fr\/wp-content\/uploads\/2020\/03\/ParisAvelo-logo9-decli-01.png\",\"contentUrl\":\"https:\/\/parisavelo.fr\/wp-content\/uploads\/2020\/03\/ParisAvelo-logo9-decli-01.png\",\"width\":1064,\"height\":1064,\"caption\":\"Paris \u00e0 V\u00e9lo\"},\"image\":{\"@id\":\"https:\/\/parisavelo.fr\/#\/schema\/logo\/image\/\"},\"sameAs\":[\"https:\/\/www.facebook.com\/parisavelo\/\",\"https:\/\/x.com\/Parisvelosympa\",\"https:\/\/www.instagram.com\/parisavelo_officiel\",\"https:\/\/www.linkedin.com\/company\/parisavelo\/\",\"https:\/\/www.pinterest.fr\/parisavelo\/\",\"https:\/\/www.youtube.com\/channel\/UCO5cKd2Zqyl2N8ptTHYAODw\"]},{\"@type\":\"Person\",\"@id\":\"https:\/\/parisavelo.fr\/#\/schema\/person\/19f88e2c3ae54c499557c3f3e7047bb5\",\"name\":\"St\u00e9phanie Fleury\",\"image\":{\"@type\":\"ImageObject\",\"inLanguage\":\"en-GB\",\"@id\":\"https:\/\/parisavelo.fr\/#\/schema\/person\/image\/\",\"url\":\"https:\/\/secure.gravatar.com\/avatar\/a670d111887f66caf669ccab3cbd38f6459e5eb088aa97a78c0fd4cec33c50ed?s=96&d=mm&r=g\",\"contentUrl\":\"https:\/\/secure.gravatar.com\/avatar\/a670d111887f66caf669ccab3cbd38f6459e5eb088aa97a78c0fd4cec33c50ed?s=96&d=mm&r=g\",\"caption\":\"St\u00e9phanie Fleury\"},\"sameAs\":[\"https:\/\/x.com\/mohamed\"],\"url\":\"https:\/\/parisavelo.fr\/en\/author\/stephanie\/\"}]}<\/script>\n<!-- \/ Yoast SEO plugin. -->","yoast_head_json":{"title":"Long-term hire with NO commitment - Paris \u00e0 V\u00e9lo","description":"Paris \u00e0 V\u00e9lo is launching a new bike hire scheme: long-term hire with no commitment. The choice is yours: city bikes, VAEs or cargo bikes!","robots":{"index":"index","follow":"follow","max-snippet":"max-snippet:-1","max-image-preview":"max-image-preview:large","max-video-preview":"max-video-preview:-1"},"canonical":"https:\/\/parisavelo.fr\/en\/2020\/10\/20\/location-longue-duree-sans-engagement\/","og_locale":"en_GB","og_type":"article","og_title":"Location longue dur\u00e9e SANS engagement - Paris \u00e0 V\u00e9lo","og_description":"Paris \u00e0 V\u00e9lo lance une nouvelle offre de location v\u00e9lo : le location longue dur\u00e9e sans engagement. V\u00e9lo de ville, VAE ou v\u00e9lo cargo, vous avez le choix !","og_url":"https:\/\/parisavelo.fr\/en\/2020\/10\/20\/location-longue-duree-sans-engagement\/","og_site_name":"Paris \u00e0 V\u00e9lo","article_publisher":"https:\/\/www.facebook.com\/parisavelo\/","article_published_time":"2020-10-20T08:04:10+00:00","article_modified_time":"2020-10-22T19:30:49+00:00","og_image":[{"width":1920,"height":1080,"url":"https:\/\/parisavelo.fr\/wp-content\/uploads\/2020\/10\/Loc-longue-dur\u00e9e.jpeg","type":"image\/jpeg"}],"author":"St\u00e9phanie Fleury","twitter_card":"summary_large_image","twitter_creator":"@mohamed","twitter_site":"@Parisvelosympa","twitter_misc":{"Written by":"St\u00e9phanie Fleury","Estimated reading time":"2 minutes"},"schema":{"@context":"https:\/\/schema.org","@graph":[{"@type":"Article","@id":"https:\/\/parisavelo.fr\/2020\/10\/20\/location-longue-duree-sans-engagement\/#article","isPartOf":{"@id":"https:\/\/parisavelo.fr\/2020\/10\/20\/location-longue-duree-sans-engagement\/"},"author":{"name":"St\u00e9phanie Fleury","@id":"https:\/\/parisavelo.fr\/#\/schema\/person\/19f88e2c3ae54c499557c3f3e7047bb5"},"headline":"Location longue dur\u00e9e SANS engagement","datePublished":"2020-10-20T08:04:10+00:00","dateModified":"2020-10-22T19:30:49+00:00","mainEntityOfPage":{"@id":"https:\/\/parisavelo.fr\/2020\/10\/20\/location-longue-duree-sans-engagement\/"},"wordCount":491,"commentCount":0,"publisher":{"@id":"https:\/\/parisavelo.fr\/#organization"},"image":{"@id":"https:\/\/parisavelo.fr\/2020\/10\/20\/location-longue-duree-sans-engagement\/#primaryimage"},"thumbnailUrl":"https:\/\/parisavelo.fr\/wp-content\/uploads\/2020\/10\/Loc-longue-dur\u00e9e.jpeg","articleSection":["actus"],"inLanguage":"en-GB","potentialAction":[{"@type":"CommentAction","name":"Comment","target":["https:\/\/parisavelo.fr\/2020\/10\/20\/location-longue-duree-sans-engagement\/#respond"]}]},{"@type":"WebPage","@id":"https:\/\/parisavelo.fr\/2020\/10\/20\/location-longue-duree-sans-engagement\/","url":"https:\/\/parisavelo.fr\/2020\/10\/20\/location-longue-duree-sans-engagement\/","name":"Long-term hire with NO commitment - Paris \u00e0 V\u00e9lo","isPartOf":{"@id":"https:\/\/parisavelo.fr\/#website"},"primaryImageOfPage":{"@id":"https:\/\/parisavelo.fr\/2020\/10\/20\/location-longue-duree-sans-engagement\/#primaryimage"},"image":{"@id":"https:\/\/parisavelo.fr\/2020\/10\/20\/location-longue-duree-sans-engagement\/#primaryimage"},"thumbnailUrl":"https:\/\/parisavelo.fr\/wp-content\/uploads\/2020\/10\/Loc-longue-dur\u00e9e.jpeg","datePublished":"2020-10-20T08:04:10+00:00","dateModified":"2020-10-22T19:30:49+00:00","description":"Paris \u00e0 V\u00e9lo is launching a new bike hire scheme: long-term hire with no commitment. The choice is yours: city bikes, VAEs or cargo bikes!","breadcrumb":{"@id":"https:\/\/parisavelo.fr\/2020\/10\/20\/location-longue-duree-sans-engagement\/#breadcrumb"},"inLanguage":"en-GB","potentialAction":[{"@type":"ReadAction","target":["https:\/\/parisavelo.fr\/2020\/10\/20\/location-longue-duree-sans-engagement\/"]}]},{"@type":"ImageObject","inLanguage":"en-GB","@id":"https:\/\/parisavelo.fr\/2020\/10\/20\/location-longue-duree-sans-engagement\/#primaryimage","url":"https:\/\/parisavelo.fr\/wp-content\/uploads\/2020\/10\/Loc-longue-dur\u00e9e.jpeg","contentUrl":"https:\/\/parisavelo.fr\/wp-content\/uploads\/2020\/10\/Loc-longue-dur\u00e9e.jpeg","width":1920,"height":1080,"caption":"Paris \u00e0 V\u00e9lo lance la location de v\u00e9lo de ville, V\u00e9lo \u00e0 Assistance \u00c9lectrique (VAE), v\u00e9lo cargo longue dur\u00e9e sans engagement"},{"@type":"BreadcrumbList","@id":"https:\/\/parisavelo.fr\/2020\/10\/20\/location-longue-duree-sans-engagement\/#breadcrumb","itemListElement":[{"@type":"ListItem","position":1,"name":"Home","item":"https:\/\/parisavelo.fr\/"},{"@type":"ListItem","position":2,"name":"Location longue dur\u00e9e SANS engagement"}]},{"@type":"WebSite","@id":"https:\/\/parisavelo.fr\/#website","url":"https:\/\/parisavelo.fr\/","name":"Paris \u00e0 V\u00e9lo","description":"The freedom of cycling in Paris","publisher":{"@id":"https:\/\/parisavelo.fr\/#organization"},"potentialAction":[{"@type":"SearchAction","target":{"@type":"EntryPoint","urlTemplate":"https:\/\/parisavelo.fr\/?s={search_term_string}"},"query-input":{"@type":"PropertyValueSpecification","valueRequired":true,"valueName":"search_term_string"}}],"inLanguage":"en-GB"},{"@type":"Organization","@id":"https:\/\/parisavelo.fr\/#organization","name":"Paris \u00e0 V\u00e9lo","url":"https:\/\/parisavelo.fr\/","logo":{"@type":"ImageObject","inLanguage":"en-GB","@id":"https:\/\/parisavelo.fr\/#\/schema\/logo\/image\/","url":"https:\/\/parisavelo.fr\/wp-content\/uploads\/2020\/03\/ParisAvelo-logo9-decli-01.png","contentUrl":"https:\/\/parisavelo.fr\/wp-content\/uploads\/2020\/03\/ParisAvelo-logo9-decli-01.png","width":1064,"height":1064,"caption":"Paris \u00e0 V\u00e9lo"},"image":{"@id":"https:\/\/parisavelo.fr\/#\/schema\/logo\/image\/"},"sameAs":["https:\/\/www.facebook.com\/parisavelo\/","https:\/\/x.com\/Parisvelosympa","https:\/\/www.instagram.com\/parisavelo_officiel","https:\/\/www.linkedin.com\/company\/parisavelo\/","https:\/\/www.pinterest.fr\/parisavelo\/","https:\/\/www.youtube.com\/channel\/UCO5cKd2Zqyl2N8ptTHYAODw"]},{"@type":"Person","@id":"https:\/\/parisavelo.fr\/#\/schema\/person\/19f88e2c3ae54c499557c3f3e7047bb5","name":"St\u00e9phanie Fleury","image":{"@type":"ImageObject","inLanguage":"en-GB","@id":"https:\/\/parisavelo.fr\/#\/schema\/person\/image\/","url":"https:\/\/secure.gravatar.com\/avatar\/a670d111887f66caf669ccab3cbd38f6459e5eb088aa97a78c0fd4cec33c50ed?s=96&d=mm&r=g","contentUrl":"https:\/\/secure.gravatar.com\/avatar\/a670d111887f66caf669ccab3cbd38f6459e5eb088aa97a78c0fd4cec33c50ed?s=96&d=mm&r=g","caption":"St\u00e9phanie Fleury"},"sameAs":["https:\/\/x.com\/mohamed"],"url":"https:\/\/parisavelo.fr\/en\/author\/stephanie\/"}]}},"_links":{"self":[{"href":"https:\/\/parisavelo.fr\/en\/wp-json\/wp\/v2\/posts\/2274","targetHints":{"allow":["GET"]}}],"collection":[{"href":"https:\/\/parisavelo.fr\/en\/wp-json\/wp\/v2\/posts"}],"about":[{"href":"https:\/\/parisavelo.fr\/en\/wp-json\/wp\/v2\/types\/post"}],"author":[{"embeddable":true,"href":"https:\/\/parisavelo.fr\/en\/wp-json\/wp\/v2\/users\/7"}],"replies":[{"embeddable":true,"href":"https:\/\/parisavelo.fr\/en\/wp-json\/wp\/v2\/comments?post=2274"}],"version-history":[{"count":8,"href":"https:\/\/parisavelo.fr\/en\/wp-json\/wp\/v2\/posts\/2274\/revisions"}],"predecessor-version":[{"id":2299,"href":"https:\/\/parisavelo.fr\/en\/wp-json\/wp\/v2\/posts\/2274\/revisions\/2299"}],"wp:featuredmedia":[{"embeddable":true,"href":"https:\/\/parisavelo.fr\/en\/wp-json\/wp\/v2\/media\/2287"}],"wp:attachment":[{"href":"https:\/\/parisavelo.fr\/en\/wp-json\/wp\/v2\/media?parent=2274"}],"wp:term":[{"taxonomy":"category","embeddable":true,"href":"https:\/\/parisavelo.fr\/en\/wp-json\/wp\/v2\/categories?post=2274"},{"taxonomy":"post_tag","embeddable":true,"href":"https:\/\/parisavelo.fr\/en\/wp-json\/wp\/v2\/tags?post=2274"}],"curies":[{"name":"wp","href":"https:\/\/api.w.org\/{rel}","templated":true}]}}