{"id":1998,"date":"2020-06-18T15:22:08","date_gmt":"2020-06-18T13:22:08","guid":{"rendered":"https:\/\/parisavelo.fr\/?p=1998"},"modified":"2021-03-26T12:05:57","modified_gmt":"2021-03-26T11:05:57","slug":"remorque-enfants","status":"publish","type":"post","link":"https:\/\/parisavelo.fr\/en\/2020\/06\/18\/remorque-enfants\/","title":{"rendered":"child(ren) trailer"},"content":{"rendered":"<p>[et_pb_section fb_built=\u00a0\u00bb1&Prime; admin_label=\u00a0\u00bbsection\u00a0\u00bb _builder_version=\u00a0\u00bb4.3.1&Prime;][et_pb_row admin_label=\u00a0\u00bbrow\u00a0\u00bb _builder_version=\u00a0\u00bb3.25&Prime; background_size=\u00a0\u00bbinitial\u00a0\u00bb background_position=\u00a0\u00bbtop_left\u00a0\u00bb background_repeat=\u00a0\u00bbrepeat\u00a0\u00bb][et_pb_column type=\u00a0\u00bb4_4&Prime; _builder_version=\u00a0\u00bb3.25&Prime; custom_padding=\u00a0\u00bb|||\u00a0\u00bb custom_padding__hover=\u00a0\u00bb|||\u00a0\u00bb][et_pb_text admin_label=\u00a0\u00bbText\u00a0\u00bb _builder_version=\u00a0\u00bb4.3.1&Prime;]<\/p>\n<h2 style=\"text-align: center;\">Une solution de location pour les familles<\/h2>\n<p>&nbsp;<\/p>\n<p>&nbsp;<\/p>\n<p>[\/et_pb_text][et_pb_image src=\u00a0\u00bbhttps:\/\/parisavelo.fr\/wp-content\/uploads\/2020\/06\/VAE-et-remorque-scaled.jpg\u00a0\u00bb _builder_version=\u00a0\u00bb4.3.1&Prime;][\/et_pb_image][et_pb_text admin_label=\u00a0\u00bbText\u00a0\u00bb _builder_version=\u00a0\u00bb4.3.1&Prime;]<\/p>\n<p style=\"text-align: justify;\">Nous aussi, chez Paris \u00e0 V\u00e9lo, nous avons des enfants et avons cherch\u00e9 une solution pour les emmener dans nos p\u00e9r\u00e9grinations&#8230;<br \/> Nous avons essay\u00e9 la remorque, et nous sommes s\u00e9duits !<br \/> Celle que nous proposons \u00e0 la location est l\u00e9g\u00e8re (et ce n&rsquo;est pas un luxe), maniable et pliable. Elle permet de transporter jusqu&rsquo;\u00e0 2 enfants de 18 mois \u00e0 5 ans maximum dans la limite de 36 kg en toute s\u00e9curit\u00e9 puiqu&rsquo;ils sont attach\u00e9s gr\u00e2ce aux 2 ceintures 3 points d&rsquo;attache incluses.<br \/> Nos enfants,\u00a0 \u00e0 l&rsquo;abri des intemp\u00e9ries (et des moustiques), ont pu se d\u00e9lecter du paysage et se sont tout bonnement endormis ! Notre bilan : ils \u00e9taient confortablement install\u00e9s et en ont redemand\u00e9&#8230;<br \/> Nous conseillons toutefois d&rsquo;anticiper vos manoeuvres en vous rappelant que la remorque est plus large que le v\u00e9lo mais&#8230; sachez que les pistes cyclables sont adapt\u00e9s \u00e0 sa taille !<\/p>\n<p>La remorque a facilit\u00e9 nos excursions en famille : pensez-y !<\/p>\n<p>[\/et_pb_text][\/et_pb_column][\/et_pb_row][\/et_pb_section]<\/p>\n","protected":false},"excerpt":{"rendered":"<p>Une solution de location pour les familles &nbsp; &nbsp;Nous aussi, chez Paris \u00e0 V\u00e9lo, nous avons des enfants et avons cherch\u00e9 une solution pour les emmener dans nos p\u00e9r\u00e9grinations&#8230; Nous avons essay\u00e9 la remorque, et nous sommes s\u00e9duits ! Celle que nous proposons \u00e0 la location est l\u00e9g\u00e8re (et ce n&rsquo;est pas un luxe), maniable [&hellip;]<\/p>\n","protected":false},"author":7,"featured_media":2001,"comment_status":"open","ping_status":"open","sticky":false,"template":"","format":"standard","meta":{"_et_pb_use_builder":"on","_et_pb_old_content":"","_et_gb_content_width":"","_monsterinsights_skip_tracking":false,"_monsterinsights_sitenote_active":false,"_monsterinsights_sitenote_note":"","_monsterinsights_sitenote_category":0,"footnotes":""},"categories":[17],"tags":[],"class_list":["post-1998","post","type-post","status-publish","format-standard","has-post-thumbnail","hentry","category-actus"],"yoast_head":"<!-- This site is optimized with the Yoast SEO plugin v26.5 - https:\/\/yoast.com\/wordpress\/plugins\/seo\/ -->\n<title>Une remorque enfant(s) \u00e0 essayer ! - Paris \u00e0 V\u00e9lo<\/title>\n<meta name=\"description\" content=\"Une remorque fix\u00e9e \u00e0 votre v\u00e9lo et vous pouvez emmener vos enfants partout pour une ballade en famille \u00e0 Paris, en ville ou en chemin !\" \/>\n<meta name=\"robots\" content=\"index, follow, max-snippet:-1, max-image-preview:large, max-video-preview:-1\" \/>\n<link rel=\"canonical\" href=\"https:\/\/parisavelo.fr\/en\/2020\/06\/18\/remorque-enfants\/\" \/>\n<meta property=\"og:locale\" content=\"en_GB\" \/>\n<meta property=\"og:type\" content=\"article\" \/>\n<meta property=\"og:title\" content=\"Une remorque enfant(s) \u00e0 essayer ! - Paris \u00e0 V\u00e9lo\" \/>\n<meta property=\"og:description\" content=\"Une remorque fix\u00e9e \u00e0 votre v\u00e9lo et vous pouvez emmener vos enfants partout pour une ballade en famille \u00e0 Paris, en ville ou en chemin !\" \/>\n<meta property=\"og:url\" content=\"https:\/\/parisavelo.fr\/en\/2020\/06\/18\/remorque-enfants\/\" \/>\n<meta property=\"og:site_name\" content=\"Paris \u00e0 V\u00e9lo\" \/>\n<meta property=\"article:publisher\" content=\"https:\/\/www.facebook.com\/parisavelo\/\" \/>\n<meta property=\"article:published_time\" content=\"2020-06-18T13:22:08+00:00\" \/>\n<meta property=\"article:modified_time\" content=\"2021-03-26T11:05:57+00:00\" \/>\n<meta property=\"og:image\" content=\"https:\/\/parisavelo.fr\/wp-content\/uploads\/2020\/06\/VAE-et-remorque-scaled.jpg\" \/>\n\t<meta property=\"og:image:width\" content=\"2560\" \/>\n\t<meta property=\"og:image:height\" content=\"1707\" \/>\n\t<meta property=\"og:image:type\" content=\"image\/jpeg\" \/>\n<meta name=\"author\" content=\"St\u00e9phanie Fleury\" \/>\n<meta name=\"twitter:card\" content=\"summary_large_image\" \/>\n<meta name=\"twitter:creator\" content=\"@mohamed\" \/>\n<meta name=\"twitter:site\" content=\"@Parisvelosympa\" \/>\n<meta name=\"twitter:label1\" content=\"Written by\" \/>\n\t<meta name=\"twitter:data1\" content=\"St\u00e9phanie Fleury\" \/>\n\t<meta name=\"twitter:label2\" content=\"Estimated reading time\" \/>\n\t<meta name=\"twitter:data2\" content=\"1 minute\" \/>\n<script type=\"application\/ld+json\" class=\"yoast-schema-graph\">{\"@context\":\"https:\/\/schema.org\",\"@graph\":[{\"@type\":\"Article\",\"@id\":\"https:\/\/parisavelo.fr\/2020\/06\/18\/remorque-enfants\/#article\",\"isPartOf\":{\"@id\":\"https:\/\/parisavelo.fr\/2020\/06\/18\/remorque-enfants\/\"},\"author\":{\"name\":\"St\u00e9phanie Fleury\",\"@id\":\"https:\/\/parisavelo.fr\/#\/schema\/person\/19f88e2c3ae54c499557c3f3e7047bb5\"},\"headline\":\"Une remorque enfant(s) \u00e0 essayer !\",\"datePublished\":\"2020-06-18T13:22:08+00:00\",\"dateModified\":\"2021-03-26T11:05:57+00:00\",\"mainEntityOfPage\":{\"@id\":\"https:\/\/parisavelo.fr\/2020\/06\/18\/remorque-enfants\/\"},\"wordCount\":259,\"commentCount\":0,\"publisher\":{\"@id\":\"https:\/\/parisavelo.fr\/#organization\"},\"image\":{\"@id\":\"https:\/\/parisavelo.fr\/2020\/06\/18\/remorque-enfants\/#primaryimage\"},\"thumbnailUrl\":\"https:\/\/parisavelo.fr\/wp-content\/uploads\/2020\/06\/VAE-et-remorque-scaled.jpg\",\"articleSection\":[\"actus\"],\"inLanguage\":\"en-GB\",\"potentialAction\":[{\"@type\":\"CommentAction\",\"name\":\"Comment\",\"target\":[\"https:\/\/parisavelo.fr\/2020\/06\/18\/remorque-enfants\/#respond\"]}]},{\"@type\":\"WebPage\",\"@id\":\"https:\/\/parisavelo.fr\/2020\/06\/18\/remorque-enfants\/\",\"url\":\"https:\/\/parisavelo.fr\/2020\/06\/18\/remorque-enfants\/\",\"name\":\"Une remorque enfant(s) \u00e0 essayer ! - Paris \u00e0 V\u00e9lo\",\"isPartOf\":{\"@id\":\"https:\/\/parisavelo.fr\/#website\"},\"primaryImageOfPage\":{\"@id\":\"https:\/\/parisavelo.fr\/2020\/06\/18\/remorque-enfants\/#primaryimage\"},\"image\":{\"@id\":\"https:\/\/parisavelo.fr\/2020\/06\/18\/remorque-enfants\/#primaryimage\"},\"thumbnailUrl\":\"https:\/\/parisavelo.fr\/wp-content\/uploads\/2020\/06\/VAE-et-remorque-scaled.jpg\",\"datePublished\":\"2020-06-18T13:22:08+00:00\",\"dateModified\":\"2021-03-26T11:05:57+00:00\",\"description\":\"Une remorque fix\u00e9e \u00e0 votre v\u00e9lo et vous pouvez emmener vos enfants partout pour une ballade en famille \u00e0 Paris, en ville ou en chemin !\",\"breadcrumb\":{\"@id\":\"https:\/\/parisavelo.fr\/2020\/06\/18\/remorque-enfants\/#breadcrumb\"},\"inLanguage\":\"en-GB\",\"potentialAction\":[{\"@type\":\"ReadAction\",\"target\":[\"https:\/\/parisavelo.fr\/2020\/06\/18\/remorque-enfants\/\"]}]},{\"@type\":\"ImageObject\",\"inLanguage\":\"en-GB\",\"@id\":\"https:\/\/parisavelo.fr\/2020\/06\/18\/remorque-enfants\/#primaryimage\",\"url\":\"https:\/\/parisavelo.fr\/wp-content\/uploads\/2020\/06\/VAE-et-remorque-scaled.jpg\",\"contentUrl\":\"https:\/\/parisavelo.fr\/wp-content\/uploads\/2020\/06\/VAE-et-remorque-scaled.jpg\",\"width\":2560,\"height\":1707,\"caption\":\"location de v\u00e9lo \u00e0 Paris, location v\u00e9lo paris, location velo paris, v\u00e9lo \u00e0 paris, velo a paris, location v\u00e9lo \u00e9lectrique paris, location vae paris, velo famille, location v\u00e9lo famille, location v\u00e9lo enfants, v\u00e9lo enfants\"},{\"@type\":\"BreadcrumbList\",\"@id\":\"https:\/\/parisavelo.fr\/2020\/06\/18\/remorque-enfants\/#breadcrumb\",\"itemListElement\":[{\"@type\":\"ListItem\",\"position\":1,\"name\":\"Home\",\"item\":\"https:\/\/parisavelo.fr\/\"},{\"@type\":\"ListItem\",\"position\":2,\"name\":\"Une remorque enfant(s) \u00e0 essayer !\"}]},{\"@type\":\"WebSite\",\"@id\":\"https:\/\/parisavelo.fr\/#website\",\"url\":\"https:\/\/parisavelo.fr\/\",\"name\":\"Paris \u00e0 V\u00e9lo\",\"description\":\"Le v\u00e9lo \u00e0 Paris, la libert\u00e9\",\"publisher\":{\"@id\":\"https:\/\/parisavelo.fr\/#organization\"},\"potentialAction\":[{\"@type\":\"SearchAction\",\"target\":{\"@type\":\"EntryPoint\",\"urlTemplate\":\"https:\/\/parisavelo.fr\/?s={search_term_string}\"},\"query-input\":{\"@type\":\"PropertyValueSpecification\",\"valueRequired\":true,\"valueName\":\"search_term_string\"}}],\"inLanguage\":\"en-GB\"},{\"@type\":\"Organization\",\"@id\":\"https:\/\/parisavelo.fr\/#organization\",\"name\":\"Paris \u00e0 V\u00e9lo\",\"url\":\"https:\/\/parisavelo.fr\/\",\"logo\":{\"@type\":\"ImageObject\",\"inLanguage\":\"en-GB\",\"@id\":\"https:\/\/parisavelo.fr\/#\/schema\/logo\/image\/\",\"url\":\"https:\/\/parisavelo.fr\/wp-content\/uploads\/2020\/03\/ParisAvelo-logo9-decli-01.png\",\"contentUrl\":\"https:\/\/parisavelo.fr\/wp-content\/uploads\/2020\/03\/ParisAvelo-logo9-decli-01.png\",\"width\":1064,\"height\":1064,\"caption\":\"Paris \u00e0 V\u00e9lo\"},\"image\":{\"@id\":\"https:\/\/parisavelo.fr\/#\/schema\/logo\/image\/\"},\"sameAs\":[\"https:\/\/www.facebook.com\/parisavelo\/\",\"https:\/\/x.com\/Parisvelosympa\",\"https:\/\/www.instagram.com\/parisavelo_officiel\",\"https:\/\/www.linkedin.com\/company\/parisavelo\/\",\"https:\/\/www.pinterest.fr\/parisavelo\/\",\"https:\/\/www.youtube.com\/channel\/UCO5cKd2Zqyl2N8ptTHYAODw\"]},{\"@type\":\"Person\",\"@id\":\"https:\/\/parisavelo.fr\/#\/schema\/person\/19f88e2c3ae54c499557c3f3e7047bb5\",\"name\":\"St\u00e9phanie Fleury\",\"image\":{\"@type\":\"ImageObject\",\"inLanguage\":\"en-GB\",\"@id\":\"https:\/\/parisavelo.fr\/#\/schema\/person\/image\/\",\"url\":\"https:\/\/secure.gravatar.com\/avatar\/a670d111887f66caf669ccab3cbd38f6459e5eb088aa97a78c0fd4cec33c50ed?s=96&d=mm&r=g\",\"contentUrl\":\"https:\/\/secure.gravatar.com\/avatar\/a670d111887f66caf669ccab3cbd38f6459e5eb088aa97a78c0fd4cec33c50ed?s=96&d=mm&r=g\",\"caption\":\"St\u00e9phanie Fleury\"},\"sameAs\":[\"https:\/\/x.com\/mohamed\"],\"url\":\"https:\/\/parisavelo.fr\/en\/author\/stephanie\/\"}]}<\/script>\n<!-- \/ Yoast SEO plugin. -->","yoast_head_json":{"title":"A children's trailer to try! - Paris by bike","description":"Attach a trailer to your bike and you can take your children anywhere for a family outing in Paris, in the city or on the road!","robots":{"index":"index","follow":"follow","max-snippet":"max-snippet:-1","max-image-preview":"max-image-preview:large","max-video-preview":"max-video-preview:-1"},"canonical":"https:\/\/parisavelo.fr\/en\/2020\/06\/18\/remorque-enfants\/","og_locale":"en_GB","og_type":"article","og_title":"Une remorque enfant(s) \u00e0 essayer ! - Paris \u00e0 V\u00e9lo","og_description":"Une remorque fix\u00e9e \u00e0 votre v\u00e9lo et vous pouvez emmener vos enfants partout pour une ballade en famille \u00e0 Paris, en ville ou en chemin !","og_url":"https:\/\/parisavelo.fr\/en\/2020\/06\/18\/remorque-enfants\/","og_site_name":"Paris \u00e0 V\u00e9lo","article_publisher":"https:\/\/www.facebook.com\/parisavelo\/","article_published_time":"2020-06-18T13:22:08+00:00","article_modified_time":"2021-03-26T11:05:57+00:00","og_image":[{"width":2560,"height":1707,"url":"https:\/\/parisavelo.fr\/wp-content\/uploads\/2020\/06\/VAE-et-remorque-scaled.jpg","type":"image\/jpeg"}],"author":"St\u00e9phanie Fleury","twitter_card":"summary_large_image","twitter_creator":"@mohamed","twitter_site":"@Parisvelosympa","twitter_misc":{"Written by":"St\u00e9phanie Fleury","Estimated reading time":"1 minute"},"schema":{"@context":"https:\/\/schema.org","@graph":[{"@type":"Article","@id":"https:\/\/parisavelo.fr\/2020\/06\/18\/remorque-enfants\/#article","isPartOf":{"@id":"https:\/\/parisavelo.fr\/2020\/06\/18\/remorque-enfants\/"},"author":{"name":"St\u00e9phanie Fleury","@id":"https:\/\/parisavelo.fr\/#\/schema\/person\/19f88e2c3ae54c499557c3f3e7047bb5"},"headline":"Une remorque enfant(s) \u00e0 essayer !","datePublished":"2020-06-18T13:22:08+00:00","dateModified":"2021-03-26T11:05:57+00:00","mainEntityOfPage":{"@id":"https:\/\/parisavelo.fr\/2020\/06\/18\/remorque-enfants\/"},"wordCount":259,"commentCount":0,"publisher":{"@id":"https:\/\/parisavelo.fr\/#organization"},"image":{"@id":"https:\/\/parisavelo.fr\/2020\/06\/18\/remorque-enfants\/#primaryimage"},"thumbnailUrl":"https:\/\/parisavelo.fr\/wp-content\/uploads\/2020\/06\/VAE-et-remorque-scaled.jpg","articleSection":["actus"],"inLanguage":"en-GB","potentialAction":[{"@type":"CommentAction","name":"Comment","target":["https:\/\/parisavelo.fr\/2020\/06\/18\/remorque-enfants\/#respond"]}]},{"@type":"WebPage","@id":"https:\/\/parisavelo.fr\/2020\/06\/18\/remorque-enfants\/","url":"https:\/\/parisavelo.fr\/2020\/06\/18\/remorque-enfants\/","name":"A children's trailer to try! - Paris by bike","isPartOf":{"@id":"https:\/\/parisavelo.fr\/#website"},"primaryImageOfPage":{"@id":"https:\/\/parisavelo.fr\/2020\/06\/18\/remorque-enfants\/#primaryimage"},"image":{"@id":"https:\/\/parisavelo.fr\/2020\/06\/18\/remorque-enfants\/#primaryimage"},"thumbnailUrl":"https:\/\/parisavelo.fr\/wp-content\/uploads\/2020\/06\/VAE-et-remorque-scaled.jpg","datePublished":"2020-06-18T13:22:08+00:00","dateModified":"2021-03-26T11:05:57+00:00","description":"Attach a trailer to your bike and you can take your children anywhere for a family outing in Paris, in the city or on the road!","breadcrumb":{"@id":"https:\/\/parisavelo.fr\/2020\/06\/18\/remorque-enfants\/#breadcrumb"},"inLanguage":"en-GB","potentialAction":[{"@type":"ReadAction","target":["https:\/\/parisavelo.fr\/2020\/06\/18\/remorque-enfants\/"]}]},{"@type":"ImageObject","inLanguage":"en-GB","@id":"https:\/\/parisavelo.fr\/2020\/06\/18\/remorque-enfants\/#primaryimage","url":"https:\/\/parisavelo.fr\/wp-content\/uploads\/2020\/06\/VAE-et-remorque-scaled.jpg","contentUrl":"https:\/\/parisavelo.fr\/wp-content\/uploads\/2020\/06\/VAE-et-remorque-scaled.jpg","width":2560,"height":1707,"caption":"location de v\u00e9lo \u00e0 Paris, location v\u00e9lo paris, location velo paris, v\u00e9lo \u00e0 paris, velo a paris, location v\u00e9lo \u00e9lectrique paris, location vae paris, velo famille, location v\u00e9lo famille, location v\u00e9lo enfants, v\u00e9lo enfants"},{"@type":"BreadcrumbList","@id":"https:\/\/parisavelo.fr\/2020\/06\/18\/remorque-enfants\/#breadcrumb","itemListElement":[{"@type":"ListItem","position":1,"name":"Home","item":"https:\/\/parisavelo.fr\/"},{"@type":"ListItem","position":2,"name":"Une remorque enfant(s) \u00e0 essayer !"}]},{"@type":"WebSite","@id":"https:\/\/parisavelo.fr\/#website","url":"https:\/\/parisavelo.fr\/","name":"Paris \u00e0 V\u00e9lo","description":"The freedom of cycling in Paris","publisher":{"@id":"https:\/\/parisavelo.fr\/#organization"},"potentialAction":[{"@type":"SearchAction","target":{"@type":"EntryPoint","urlTemplate":"https:\/\/parisavelo.fr\/?s={search_term_string}"},"query-input":{"@type":"PropertyValueSpecification","valueRequired":true,"valueName":"search_term_string"}}],"inLanguage":"en-GB"},{"@type":"Organization","@id":"https:\/\/parisavelo.fr\/#organization","name":"Paris \u00e0 V\u00e9lo","url":"https:\/\/parisavelo.fr\/","logo":{"@type":"ImageObject","inLanguage":"en-GB","@id":"https:\/\/parisavelo.fr\/#\/schema\/logo\/image\/","url":"https:\/\/parisavelo.fr\/wp-content\/uploads\/2020\/03\/ParisAvelo-logo9-decli-01.png","contentUrl":"https:\/\/parisavelo.fr\/wp-content\/uploads\/2020\/03\/ParisAvelo-logo9-decli-01.png","width":1064,"height":1064,"caption":"Paris \u00e0 V\u00e9lo"},"image":{"@id":"https:\/\/parisavelo.fr\/#\/schema\/logo\/image\/"},"sameAs":["https:\/\/www.facebook.com\/parisavelo\/","https:\/\/x.com\/Parisvelosympa","https:\/\/www.instagram.com\/parisavelo_officiel","https:\/\/www.linkedin.com\/company\/parisavelo\/","https:\/\/www.pinterest.fr\/parisavelo\/","https:\/\/www.youtube.com\/channel\/UCO5cKd2Zqyl2N8ptTHYAODw"]},{"@type":"Person","@id":"https:\/\/parisavelo.fr\/#\/schema\/person\/19f88e2c3ae54c499557c3f3e7047bb5","name":"St\u00e9phanie Fleury","image":{"@type":"ImageObject","inLanguage":"en-GB","@id":"https:\/\/parisavelo.fr\/#\/schema\/person\/image\/","url":"https:\/\/secure.gravatar.com\/avatar\/a670d111887f66caf669ccab3cbd38f6459e5eb088aa97a78c0fd4cec33c50ed?s=96&d=mm&r=g","contentUrl":"https:\/\/secure.gravatar.com\/avatar\/a670d111887f66caf669ccab3cbd38f6459e5eb088aa97a78c0fd4cec33c50ed?s=96&d=mm&r=g","caption":"St\u00e9phanie Fleury"},"sameAs":["https:\/\/x.com\/mohamed"],"url":"https:\/\/parisavelo.fr\/en\/author\/stephanie\/"}]}},"_links":{"self":[{"href":"https:\/\/parisavelo.fr\/en\/wp-json\/wp\/v2\/posts\/1998","targetHints":{"allow":["GET"]}}],"collection":[{"href":"https:\/\/parisavelo.fr\/en\/wp-json\/wp\/v2\/posts"}],"about":[{"href":"https:\/\/parisavelo.fr\/en\/wp-json\/wp\/v2\/types\/post"}],"author":[{"embeddable":true,"href":"https:\/\/parisavelo.fr\/en\/wp-json\/wp\/v2\/users\/7"}],"replies":[{"embeddable":true,"href":"https:\/\/parisavelo.fr\/en\/wp-json\/wp\/v2\/comments?post=1998"}],"version-history":[{"count":7,"href":"https:\/\/parisavelo.fr\/en\/wp-json\/wp\/v2\/posts\/1998\/revisions"}],"predecessor-version":[{"id":2070,"href":"https:\/\/parisavelo.fr\/en\/wp-json\/wp\/v2\/posts\/1998\/revisions\/2070"}],"wp:featuredmedia":[{"embeddable":true,"href":"https:\/\/parisavelo.fr\/en\/wp-json\/wp\/v2\/media\/2001"}],"wp:attachment":[{"href":"https:\/\/parisavelo.fr\/en\/wp-json\/wp\/v2\/media?parent=1998"}],"wp:term":[{"taxonomy":"category","embeddable":true,"href":"https:\/\/parisavelo.fr\/en\/wp-json\/wp\/v2\/categories?post=1998"},{"taxonomy":"post_tag","embeddable":true,"href":"https:\/\/parisavelo.fr\/en\/wp-json\/wp\/v2\/tags?post=1998"}],"curies":[{"name":"wp","href":"https:\/\/api.w.org\/{rel}","templated":true}]}}