{"id":1969,"date":"2020-06-08T11:34:55","date_gmt":"2020-06-08T09:34:55","guid":{"rendered":"https:\/\/parisavelo.fr\/?p=1969"},"modified":"2020-09-24T11:48:16","modified_gmt":"2020-09-24T09:48:16","slug":"nouveaux-vae-velo-electrique-location-paris","status":"publish","type":"post","link":"https:\/\/parisavelo.fr\/en\/2020\/06\/08\/nouveaux-vae-velo-electrique-location-paris\/","title":{"rendered":"Your new VAE bikes for hire in Paris"},"content":{"rendered":"<p>[et_pb_section fb_built=\u00a0\u00bb1&Prime; admin_label=\u00a0\u00bbsection\u00a0\u00bb _builder_version=\u00a0\u00bb4.3.1&Prime;][et_pb_row admin_label=\u00a0\u00bbrow\u00a0\u00bb _builder_version=\u00a0\u00bb3.25&Prime; background_size=\u00a0\u00bbinitial\u00a0\u00bb background_position=\u00a0\u00bbtop_left\u00a0\u00bb background_repeat=\u00a0\u00bbrepeat\u00a0\u00bb][et_pb_column type=\u00a0\u00bb4_4&Prime; _builder_version=\u00a0\u00bb3.25&Prime; custom_padding=\u00a0\u00bb|||\u00a0\u00bb custom_padding__hover=\u00a0\u00bb|||\u00a0\u00bb][et_pb_text admin_label=\u00a0\u00bbText\u00a0\u00bb _builder_version=\u00a0\u00bb4.3.1&Prime;]<\/p>\n<h2 style=\"text-align: center;\">Ils sont arriv\u00e9s !<\/h2>\n<p>&nbsp;<\/p>\n<p>&nbsp;<\/p>\n<p>[\/et_pb_text][et_pb_image src=\u00a0\u00bbhttps:\/\/parisavelo.fr\/wp-content\/uploads\/2020\/06\/VAE1.jpg\u00a0\u00bb _builder_version=\u00a0\u00bb4.3.1&Prime;][\/et_pb_image][et_pb_text admin_label=\u00a0\u00bbText\u00a0\u00bb _builder_version=\u00a0\u00bb4.3.1&Prime;]<\/p>\n<p style=\"text-align: justify;\">Ils sont arriv\u00e9s&#8230;<br \/> Ils sont tout beaux, tout frais, ils sortent de l\u2019\u0153uf et ils sont fran\u00e7ais : nos nouveaux v\u00e9los \u00e0 assistance \u00e9lectrique (VAE pour les intimes) rejoignent notre flotte et sont dor\u00e9navant disponibles \u00e0 la <a title=\"Lien vers la page des locations de v\u00e9los | Paris \u00e0 V\u00e9lo\" href=\"https:\/\/parisavelo.fr\/location-de-velo-paris\/\" target=\"_blank\" rel=\"noopener noreferrer\">location<\/a> !<\/p>\n<p style=\"text-align: justify;\">Nous avons opt\u00e9 pour la marque <a title=\"Lien vers le site Web de Arcade cycles\" href=\"https:\/\/www.arcadecycles.fr\/\" target=\"_blank\" rel=\"noopener noreferrer\">\u00ab\u00a0Arcade cycles\u00a0\u00bb<\/a> avec laquelle nous collaborons depuis de nombreuses ann\u00e9es pour la qualit\u00e9 et la r\u00e9sistance de leurs v\u00e9los mais aussi, parce que favoriser une production fran\u00e7aise fait partie de nos valeurs !<\/p>\n<p style=\"text-align: justify;\">[\/et_pb_text][et_pb_image src=\u00a0\u00bbhttps:\/\/parisavelo.fr\/wp-content\/uploads\/2020\/06\/Logo-Arcade-scaled.jpg\u00a0\u00bb _builder_version=\u00a0\u00bb4.3.1&Prime;][\/et_pb_image][et_pb_text admin_label=\u00a0\u00bbText\u00a0\u00bb _builder_version=\u00a0\u00bb4.3.1&Prime;]<\/p>\n<p style=\"text-align: justify;\">Les t\u00e9moignages sont unanimes&#8230;<br \/> En manque d&rsquo;activit\u00e9 sportive mais souhaitant quand m\u00eame p\u00e9daler librement et confortablement, ayant besoin de tracter une remorque enfants facilement, voulant parcourir des kms sans difficult\u00e9 li\u00e9e au relief et avec une large autonomie : ils sont conquis !<br \/> En plus&#8230; pour une meilleure accessibilit\u00e9, vous pouvez le choisir en option lors de nos visites guid\u00e9es !<\/p>\n<p style=\"text-align: justify;\"><span style=\"color: #b00000;\" color=\"#b00000\"><\/span><\/p>\n<p>[\/et_pb_text][et_pb_image src=\u00a0\u00bbhttps:\/\/parisavelo.fr\/wp-content\/uploads\/2020\/06\/VAE-en-chaine-scaled.jpg\u00a0\u00bb _builder_version=\u00a0\u00bb4.3.1&Prime;][\/et_pb_image][\/et_pb_column][\/et_pb_row][\/et_pb_section]<\/p>\n","protected":false},"excerpt":{"rendered":"<p>Ils sont arriv\u00e9s ! &nbsp; &nbsp;Ils sont arriv\u00e9s&#8230; Ils sont tout beaux, tout frais, ils sortent de l\u2019\u0153uf et ils sont fran\u00e7ais : nos nouveaux v\u00e9los \u00e0 assistance \u00e9lectrique (VAE pour les intimes) rejoignent notre flotte et sont dor\u00e9navant disponibles \u00e0 la location ! Nous avons opt\u00e9 pour la marque \u00ab\u00a0Arcade cycles\u00a0\u00bb avec laquelle nous [&hellip;]<\/p>\n","protected":false},"author":7,"featured_media":2007,"comment_status":"open","ping_status":"open","sticky":false,"template":"","format":"standard","meta":{"_et_pb_use_builder":"on","_et_pb_old_content":"","_et_gb_content_width":"","_monsterinsights_skip_tracking":false,"_monsterinsights_sitenote_active":false,"_monsterinsights_sitenote_note":"","_monsterinsights_sitenote_category":0,"footnotes":""},"categories":[17],"tags":[],"class_list":["post-1969","post","type-post","status-publish","format-standard","has-post-thumbnail","hentry","category-actus"],"yoast_head":"<!-- This site is optimized with the Yoast SEO plugin v26.5 - https:\/\/yoast.com\/wordpress\/plugins\/seo\/ -->\n<title>Location nouveaux v\u00e9los \u00e9lectriques \/ VAE \u00e0 Paris | Paris \u00e0 V\u00e9lo<\/title>\n<meta name=\"description\" content=\"D\u00e9couvrez nos nouveaux v\u00e9los \u00e0 assistance \u00e9lectrique\/VAE en location \u00e0 Paris, pour parcourir la capitale et l&#039;Ile-de-France avec confort et facilt\u00e9.\" \/>\n<meta name=\"robots\" content=\"index, follow, max-snippet:-1, max-image-preview:large, max-video-preview:-1\" \/>\n<link rel=\"canonical\" href=\"https:\/\/parisavelo.fr\/en\/2020\/06\/08\/nouveaux-vae-velo-electrique-location-paris\/\" \/>\n<meta property=\"og:locale\" content=\"en_GB\" \/>\n<meta property=\"og:type\" content=\"article\" \/>\n<meta property=\"og:title\" content=\"Location nouveaux v\u00e9los \u00e9lectriques \/ VAE \u00e0 Paris | Paris \u00e0 V\u00e9lo\" \/>\n<meta property=\"og:description\" content=\"D\u00e9couvrez nos nouveaux v\u00e9los \u00e0 assistance \u00e9lectrique\/VAE en location \u00e0 Paris, pour parcourir la capitale et l&#039;Ile-de-France avec confort et facilt\u00e9.\" \/>\n<meta property=\"og:url\" content=\"https:\/\/parisavelo.fr\/en\/2020\/06\/08\/nouveaux-vae-velo-electrique-location-paris\/\" \/>\n<meta property=\"og:site_name\" content=\"Paris \u00e0 V\u00e9lo\" \/>\n<meta property=\"article:publisher\" content=\"https:\/\/www.facebook.com\/parisavelo\/\" \/>\n<meta property=\"article:published_time\" content=\"2020-06-08T09:34:55+00:00\" \/>\n<meta property=\"article:modified_time\" content=\"2020-09-24T09:48:16+00:00\" \/>\n<meta property=\"og:image\" content=\"https:\/\/parisavelo.fr\/wp-content\/uploads\/2020\/06\/VAE-en-chaine-scaled.jpg\" \/>\n\t<meta property=\"og:image:width\" content=\"2560\" \/>\n\t<meta property=\"og:image:height\" content=\"1707\" \/>\n\t<meta property=\"og:image:type\" content=\"image\/jpeg\" \/>\n<meta name=\"author\" content=\"St\u00e9phanie Fleury\" \/>\n<meta name=\"twitter:card\" content=\"summary_large_image\" \/>\n<meta name=\"twitter:creator\" content=\"@mohamed\" \/>\n<meta name=\"twitter:site\" content=\"@Parisvelosympa\" \/>\n<meta name=\"twitter:label1\" content=\"Written by\" \/>\n\t<meta name=\"twitter:data1\" content=\"St\u00e9phanie Fleury\" \/>\n\t<meta name=\"twitter:label2\" content=\"Estimated reading time\" \/>\n\t<meta name=\"twitter:data2\" content=\"1 minute\" \/>\n<script type=\"application\/ld+json\" class=\"yoast-schema-graph\">{\"@context\":\"https:\/\/schema.org\",\"@graph\":[{\"@type\":\"Article\",\"@id\":\"https:\/\/parisavelo.fr\/2020\/06\/08\/nouveaux-vae-velo-electrique-location-paris\/#article\",\"isPartOf\":{\"@id\":\"https:\/\/parisavelo.fr\/2020\/06\/08\/nouveaux-vae-velo-electrique-location-paris\/\"},\"author\":{\"name\":\"St\u00e9phanie Fleury\",\"@id\":\"https:\/\/parisavelo.fr\/#\/schema\/person\/19f88e2c3ae54c499557c3f3e7047bb5\"},\"headline\":\"Vos nouveaux VAE en location \u00e0 Paris\",\"datePublished\":\"2020-06-08T09:34:55+00:00\",\"dateModified\":\"2020-09-24T09:48:16+00:00\",\"mainEntityOfPage\":{\"@id\":\"https:\/\/parisavelo.fr\/2020\/06\/08\/nouveaux-vae-velo-electrique-location-paris\/\"},\"wordCount\":287,\"commentCount\":0,\"publisher\":{\"@id\":\"https:\/\/parisavelo.fr\/#organization\"},\"image\":{\"@id\":\"https:\/\/parisavelo.fr\/2020\/06\/08\/nouveaux-vae-velo-electrique-location-paris\/#primaryimage\"},\"thumbnailUrl\":\"https:\/\/parisavelo.fr\/wp-content\/uploads\/2020\/06\/VAE-en-chaine-scaled.jpg\",\"articleSection\":[\"actus\"],\"inLanguage\":\"en-GB\",\"potentialAction\":[{\"@type\":\"CommentAction\",\"name\":\"Comment\",\"target\":[\"https:\/\/parisavelo.fr\/2020\/06\/08\/nouveaux-vae-velo-electrique-location-paris\/#respond\"]}]},{\"@type\":\"WebPage\",\"@id\":\"https:\/\/parisavelo.fr\/2020\/06\/08\/nouveaux-vae-velo-electrique-location-paris\/\",\"url\":\"https:\/\/parisavelo.fr\/2020\/06\/08\/nouveaux-vae-velo-electrique-location-paris\/\",\"name\":\"Location nouveaux v\u00e9los \u00e9lectriques \/ VAE \u00e0 Paris | Paris \u00e0 V\u00e9lo\",\"isPartOf\":{\"@id\":\"https:\/\/parisavelo.fr\/#website\"},\"primaryImageOfPage\":{\"@id\":\"https:\/\/parisavelo.fr\/2020\/06\/08\/nouveaux-vae-velo-electrique-location-paris\/#primaryimage\"},\"image\":{\"@id\":\"https:\/\/parisavelo.fr\/2020\/06\/08\/nouveaux-vae-velo-electrique-location-paris\/#primaryimage\"},\"thumbnailUrl\":\"https:\/\/parisavelo.fr\/wp-content\/uploads\/2020\/06\/VAE-en-chaine-scaled.jpg\",\"datePublished\":\"2020-06-08T09:34:55+00:00\",\"dateModified\":\"2020-09-24T09:48:16+00:00\",\"description\":\"D\u00e9couvrez nos nouveaux v\u00e9los \u00e0 assistance \u00e9lectrique\/VAE en location \u00e0 Paris, pour parcourir la capitale et l'Ile-de-France avec confort et facilt\u00e9.\",\"breadcrumb\":{\"@id\":\"https:\/\/parisavelo.fr\/2020\/06\/08\/nouveaux-vae-velo-electrique-location-paris\/#breadcrumb\"},\"inLanguage\":\"en-GB\",\"potentialAction\":[{\"@type\":\"ReadAction\",\"target\":[\"https:\/\/parisavelo.fr\/2020\/06\/08\/nouveaux-vae-velo-electrique-location-paris\/\"]}]},{\"@type\":\"ImageObject\",\"inLanguage\":\"en-GB\",\"@id\":\"https:\/\/parisavelo.fr\/2020\/06\/08\/nouveaux-vae-velo-electrique-location-paris\/#primaryimage\",\"url\":\"https:\/\/parisavelo.fr\/wp-content\/uploads\/2020\/06\/VAE-en-chaine-scaled.jpg\",\"contentUrl\":\"https:\/\/parisavelo.fr\/wp-content\/uploads\/2020\/06\/VAE-en-chaine-scaled.jpg\",\"width\":2560,\"height\":1707,\"caption\":\"location de v\u00e9lo \u00e0 Paris, location v\u00e9lo paris, location velo paris,v\u00e9lo \u00e0 paris, velo a paris, location v\u00e9lo \u00e9lectrique paris, location vae paris\"},{\"@type\":\"BreadcrumbList\",\"@id\":\"https:\/\/parisavelo.fr\/2020\/06\/08\/nouveaux-vae-velo-electrique-location-paris\/#breadcrumb\",\"itemListElement\":[{\"@type\":\"ListItem\",\"position\":1,\"name\":\"Home\",\"item\":\"https:\/\/parisavelo.fr\/\"},{\"@type\":\"ListItem\",\"position\":2,\"name\":\"Vos nouveaux VAE en location \u00e0 Paris\"}]},{\"@type\":\"WebSite\",\"@id\":\"https:\/\/parisavelo.fr\/#website\",\"url\":\"https:\/\/parisavelo.fr\/\",\"name\":\"Paris \u00e0 V\u00e9lo\",\"description\":\"Le v\u00e9lo \u00e0 Paris, la libert\u00e9\",\"publisher\":{\"@id\":\"https:\/\/parisavelo.fr\/#organization\"},\"potentialAction\":[{\"@type\":\"SearchAction\",\"target\":{\"@type\":\"EntryPoint\",\"urlTemplate\":\"https:\/\/parisavelo.fr\/?s={search_term_string}\"},\"query-input\":{\"@type\":\"PropertyValueSpecification\",\"valueRequired\":true,\"valueName\":\"search_term_string\"}}],\"inLanguage\":\"en-GB\"},{\"@type\":\"Organization\",\"@id\":\"https:\/\/parisavelo.fr\/#organization\",\"name\":\"Paris \u00e0 V\u00e9lo\",\"url\":\"https:\/\/parisavelo.fr\/\",\"logo\":{\"@type\":\"ImageObject\",\"inLanguage\":\"en-GB\",\"@id\":\"https:\/\/parisavelo.fr\/#\/schema\/logo\/image\/\",\"url\":\"https:\/\/parisavelo.fr\/wp-content\/uploads\/2020\/03\/ParisAvelo-logo9-decli-01.png\",\"contentUrl\":\"https:\/\/parisavelo.fr\/wp-content\/uploads\/2020\/03\/ParisAvelo-logo9-decli-01.png\",\"width\":1064,\"height\":1064,\"caption\":\"Paris \u00e0 V\u00e9lo\"},\"image\":{\"@id\":\"https:\/\/parisavelo.fr\/#\/schema\/logo\/image\/\"},\"sameAs\":[\"https:\/\/www.facebook.com\/parisavelo\/\",\"https:\/\/x.com\/Parisvelosympa\",\"https:\/\/www.instagram.com\/parisavelo_officiel\",\"https:\/\/www.linkedin.com\/company\/parisavelo\/\",\"https:\/\/www.pinterest.fr\/parisavelo\/\",\"https:\/\/www.youtube.com\/channel\/UCO5cKd2Zqyl2N8ptTHYAODw\"]},{\"@type\":\"Person\",\"@id\":\"https:\/\/parisavelo.fr\/#\/schema\/person\/19f88e2c3ae54c499557c3f3e7047bb5\",\"name\":\"St\u00e9phanie Fleury\",\"image\":{\"@type\":\"ImageObject\",\"inLanguage\":\"en-GB\",\"@id\":\"https:\/\/parisavelo.fr\/#\/schema\/person\/image\/\",\"url\":\"https:\/\/secure.gravatar.com\/avatar\/a670d111887f66caf669ccab3cbd38f6459e5eb088aa97a78c0fd4cec33c50ed?s=96&d=mm&r=g\",\"contentUrl\":\"https:\/\/secure.gravatar.com\/avatar\/a670d111887f66caf669ccab3cbd38f6459e5eb088aa97a78c0fd4cec33c50ed?s=96&d=mm&r=g\",\"caption\":\"St\u00e9phanie Fleury\"},\"sameAs\":[\"https:\/\/x.com\/mohamed\"],\"url\":\"https:\/\/parisavelo.fr\/en\/author\/stephanie\/\"}]}<\/script>\n<!-- \/ Yoast SEO plugin. -->","yoast_head_json":{"title":"Hire new electric bikes \/ VAE in Paris | Paris \u00e0 V\u00e9lo","description":"Discover our new electrically-assisted bicycles\/VAEs for hire in Paris, so you can get around the capital and the Ile-de-France region easily and comfortably.","robots":{"index":"index","follow":"follow","max-snippet":"max-snippet:-1","max-image-preview":"max-image-preview:large","max-video-preview":"max-video-preview:-1"},"canonical":"https:\/\/parisavelo.fr\/en\/2020\/06\/08\/nouveaux-vae-velo-electrique-location-paris\/","og_locale":"en_GB","og_type":"article","og_title":"Location nouveaux v\u00e9los \u00e9lectriques \/ VAE \u00e0 Paris | Paris \u00e0 V\u00e9lo","og_description":"D\u00e9couvrez nos nouveaux v\u00e9los \u00e0 assistance \u00e9lectrique\/VAE en location \u00e0 Paris, pour parcourir la capitale et l'Ile-de-France avec confort et facilt\u00e9.","og_url":"https:\/\/parisavelo.fr\/en\/2020\/06\/08\/nouveaux-vae-velo-electrique-location-paris\/","og_site_name":"Paris \u00e0 V\u00e9lo","article_publisher":"https:\/\/www.facebook.com\/parisavelo\/","article_published_time":"2020-06-08T09:34:55+00:00","article_modified_time":"2020-09-24T09:48:16+00:00","og_image":[{"width":2560,"height":1707,"url":"https:\/\/parisavelo.fr\/wp-content\/uploads\/2020\/06\/VAE-en-chaine-scaled.jpg","type":"image\/jpeg"}],"author":"St\u00e9phanie Fleury","twitter_card":"summary_large_image","twitter_creator":"@mohamed","twitter_site":"@Parisvelosympa","twitter_misc":{"Written by":"St\u00e9phanie Fleury","Estimated reading time":"1 minute"},"schema":{"@context":"https:\/\/schema.org","@graph":[{"@type":"Article","@id":"https:\/\/parisavelo.fr\/2020\/06\/08\/nouveaux-vae-velo-electrique-location-paris\/#article","isPartOf":{"@id":"https:\/\/parisavelo.fr\/2020\/06\/08\/nouveaux-vae-velo-electrique-location-paris\/"},"author":{"name":"St\u00e9phanie Fleury","@id":"https:\/\/parisavelo.fr\/#\/schema\/person\/19f88e2c3ae54c499557c3f3e7047bb5"},"headline":"Vos nouveaux VAE en location \u00e0 Paris","datePublished":"2020-06-08T09:34:55+00:00","dateModified":"2020-09-24T09:48:16+00:00","mainEntityOfPage":{"@id":"https:\/\/parisavelo.fr\/2020\/06\/08\/nouveaux-vae-velo-electrique-location-paris\/"},"wordCount":287,"commentCount":0,"publisher":{"@id":"https:\/\/parisavelo.fr\/#organization"},"image":{"@id":"https:\/\/parisavelo.fr\/2020\/06\/08\/nouveaux-vae-velo-electrique-location-paris\/#primaryimage"},"thumbnailUrl":"https:\/\/parisavelo.fr\/wp-content\/uploads\/2020\/06\/VAE-en-chaine-scaled.jpg","articleSection":["actus"],"inLanguage":"en-GB","potentialAction":[{"@type":"CommentAction","name":"Comment","target":["https:\/\/parisavelo.fr\/2020\/06\/08\/nouveaux-vae-velo-electrique-location-paris\/#respond"]}]},{"@type":"WebPage","@id":"https:\/\/parisavelo.fr\/2020\/06\/08\/nouveaux-vae-velo-electrique-location-paris\/","url":"https:\/\/parisavelo.fr\/2020\/06\/08\/nouveaux-vae-velo-electrique-location-paris\/","name":"Hire new electric bikes \/ VAE in Paris | Paris \u00e0 V\u00e9lo","isPartOf":{"@id":"https:\/\/parisavelo.fr\/#website"},"primaryImageOfPage":{"@id":"https:\/\/parisavelo.fr\/2020\/06\/08\/nouveaux-vae-velo-electrique-location-paris\/#primaryimage"},"image":{"@id":"https:\/\/parisavelo.fr\/2020\/06\/08\/nouveaux-vae-velo-electrique-location-paris\/#primaryimage"},"thumbnailUrl":"https:\/\/parisavelo.fr\/wp-content\/uploads\/2020\/06\/VAE-en-chaine-scaled.jpg","datePublished":"2020-06-08T09:34:55+00:00","dateModified":"2020-09-24T09:48:16+00:00","description":"Discover our new electrically-assisted bicycles\/VAEs for hire in Paris, so you can get around the capital and the Ile-de-France region easily and comfortably.","breadcrumb":{"@id":"https:\/\/parisavelo.fr\/2020\/06\/08\/nouveaux-vae-velo-electrique-location-paris\/#breadcrumb"},"inLanguage":"en-GB","potentialAction":[{"@type":"ReadAction","target":["https:\/\/parisavelo.fr\/2020\/06\/08\/nouveaux-vae-velo-electrique-location-paris\/"]}]},{"@type":"ImageObject","inLanguage":"en-GB","@id":"https:\/\/parisavelo.fr\/2020\/06\/08\/nouveaux-vae-velo-electrique-location-paris\/#primaryimage","url":"https:\/\/parisavelo.fr\/wp-content\/uploads\/2020\/06\/VAE-en-chaine-scaled.jpg","contentUrl":"https:\/\/parisavelo.fr\/wp-content\/uploads\/2020\/06\/VAE-en-chaine-scaled.jpg","width":2560,"height":1707,"caption":"location de v\u00e9lo \u00e0 Paris, location v\u00e9lo paris, location velo paris,v\u00e9lo \u00e0 paris, velo a paris, location v\u00e9lo \u00e9lectrique paris, location vae paris"},{"@type":"BreadcrumbList","@id":"https:\/\/parisavelo.fr\/2020\/06\/08\/nouveaux-vae-velo-electrique-location-paris\/#breadcrumb","itemListElement":[{"@type":"ListItem","position":1,"name":"Home","item":"https:\/\/parisavelo.fr\/"},{"@type":"ListItem","position":2,"name":"Vos nouveaux VAE en location \u00e0 Paris"}]},{"@type":"WebSite","@id":"https:\/\/parisavelo.fr\/#website","url":"https:\/\/parisavelo.fr\/","name":"Paris \u00e0 V\u00e9lo","description":"The freedom of cycling in Paris","publisher":{"@id":"https:\/\/parisavelo.fr\/#organization"},"potentialAction":[{"@type":"SearchAction","target":{"@type":"EntryPoint","urlTemplate":"https:\/\/parisavelo.fr\/?s={search_term_string}"},"query-input":{"@type":"PropertyValueSpecification","valueRequired":true,"valueName":"search_term_string"}}],"inLanguage":"en-GB"},{"@type":"Organization","@id":"https:\/\/parisavelo.fr\/#organization","name":"Paris \u00e0 V\u00e9lo","url":"https:\/\/parisavelo.fr\/","logo":{"@type":"ImageObject","inLanguage":"en-GB","@id":"https:\/\/parisavelo.fr\/#\/schema\/logo\/image\/","url":"https:\/\/parisavelo.fr\/wp-content\/uploads\/2020\/03\/ParisAvelo-logo9-decli-01.png","contentUrl":"https:\/\/parisavelo.fr\/wp-content\/uploads\/2020\/03\/ParisAvelo-logo9-decli-01.png","width":1064,"height":1064,"caption":"Paris \u00e0 V\u00e9lo"},"image":{"@id":"https:\/\/parisavelo.fr\/#\/schema\/logo\/image\/"},"sameAs":["https:\/\/www.facebook.com\/parisavelo\/","https:\/\/x.com\/Parisvelosympa","https:\/\/www.instagram.com\/parisavelo_officiel","https:\/\/www.linkedin.com\/company\/parisavelo\/","https:\/\/www.pinterest.fr\/parisavelo\/","https:\/\/www.youtube.com\/channel\/UCO5cKd2Zqyl2N8ptTHYAODw"]},{"@type":"Person","@id":"https:\/\/parisavelo.fr\/#\/schema\/person\/19f88e2c3ae54c499557c3f3e7047bb5","name":"St\u00e9phanie Fleury","image":{"@type":"ImageObject","inLanguage":"en-GB","@id":"https:\/\/parisavelo.fr\/#\/schema\/person\/image\/","url":"https:\/\/secure.gravatar.com\/avatar\/a670d111887f66caf669ccab3cbd38f6459e5eb088aa97a78c0fd4cec33c50ed?s=96&d=mm&r=g","contentUrl":"https:\/\/secure.gravatar.com\/avatar\/a670d111887f66caf669ccab3cbd38f6459e5eb088aa97a78c0fd4cec33c50ed?s=96&d=mm&r=g","caption":"St\u00e9phanie Fleury"},"sameAs":["https:\/\/x.com\/mohamed"],"url":"https:\/\/parisavelo.fr\/en\/author\/stephanie\/"}]}},"_links":{"self":[{"href":"https:\/\/parisavelo.fr\/en\/wp-json\/wp\/v2\/posts\/1969","targetHints":{"allow":["GET"]}}],"collection":[{"href":"https:\/\/parisavelo.fr\/en\/wp-json\/wp\/v2\/posts"}],"about":[{"href":"https:\/\/parisavelo.fr\/en\/wp-json\/wp\/v2\/types\/post"}],"author":[{"embeddable":true,"href":"https:\/\/parisavelo.fr\/en\/wp-json\/wp\/v2\/users\/7"}],"replies":[{"embeddable":true,"href":"https:\/\/parisavelo.fr\/en\/wp-json\/wp\/v2\/comments?post=1969"}],"version-history":[{"count":14,"href":"https:\/\/parisavelo.fr\/en\/wp-json\/wp\/v2\/posts\/1969\/revisions"}],"predecessor-version":[{"id":2009,"href":"https:\/\/parisavelo.fr\/en\/wp-json\/wp\/v2\/posts\/1969\/revisions\/2009"}],"wp:featuredmedia":[{"embeddable":true,"href":"https:\/\/parisavelo.fr\/en\/wp-json\/wp\/v2\/media\/2007"}],"wp:attachment":[{"href":"https:\/\/parisavelo.fr\/en\/wp-json\/wp\/v2\/media?parent=1969"}],"wp:term":[{"taxonomy":"category","embeddable":true,"href":"https:\/\/parisavelo.fr\/en\/wp-json\/wp\/v2\/categories?post=1969"},{"taxonomy":"post_tag","embeddable":true,"href":"https:\/\/parisavelo.fr\/en\/wp-json\/wp\/v2\/tags?post=1969"}],"curies":[{"name":"wp","href":"https:\/\/api.w.org\/{rel}","templated":true}]}}