{"id":17,"count":16,"description":"","link":"https:\/\/parisavelo.fr\/en\/category\/actus\/","name":"news","slug":"actus","taxonomy":"category","parent":0,"meta":[],"yoast_head":"<!-- This site is optimized with the Yoast SEO plugin v26.5 - https:\/\/yoast.com\/wordpress\/plugins\/seo\/ -->\n<title>actus Archives - Paris \u00e0 V\u00e9lo<\/title>\n<meta name=\"robots\" content=\"index, follow, max-snippet:-1, max-image-preview:large, max-video-preview:-1\" \/>\n<link rel=\"canonical\" href=\"https:\/\/parisavelo.fr\/en\/category\/actus\/\" \/>\n<meta property=\"og:locale\" content=\"en_GB\" \/>\n<meta property=\"og:type\" content=\"article\" \/>\n<meta property=\"og:title\" content=\"actus Archives - Paris \u00e0 V\u00e9lo\" \/>\n<meta property=\"og:url\" content=\"https:\/\/parisavelo.fr\/en\/category\/actus\/\" \/>\n<meta property=\"og:site_name\" content=\"Paris \u00e0 V\u00e9lo\" \/>\n<meta property=\"og:image\" content=\"https:\/\/parisavelo.fr\/wp-content\/uploads\/2020\/03\/ParisAvelo-logo9-decli-01.png\" \/>\n\t<meta property=\"og:image:width\" content=\"1064\" \/>\n\t<meta property=\"og:image:height\" content=\"1064\" \/>\n\t<meta property=\"og:image:type\" content=\"image\/png\" \/>\n<meta name=\"twitter:card\" content=\"summary_large_image\" \/>\n<meta name=\"twitter:site\" content=\"@Parisvelosympa\" \/>\n<script type=\"application\/ld+json\" class=\"yoast-schema-graph\">{\"@context\":\"https:\/\/schema.org\",\"@graph\":[{\"@type\":\"CollectionPage\",\"@id\":\"https:\/\/parisavelo.fr\/category\/actus\/\",\"url\":\"https:\/\/parisavelo.fr\/category\/actus\/\",\"name\":\"actus Archives - Paris \u00e0 V\u00e9lo\",\"isPartOf\":{\"@id\":\"https:\/\/parisavelo.fr\/#website\"},\"breadcrumb\":{\"@id\":\"https:\/\/parisavelo.fr\/category\/actus\/#breadcrumb\"},\"inLanguage\":\"en-GB\"},{\"@type\":\"BreadcrumbList\",\"@id\":\"https:\/\/parisavelo.fr\/category\/actus\/#breadcrumb\",\"itemListElement\":[{\"@type\":\"ListItem\",\"position\":1,\"name\":\"Home\",\"item\":\"https:\/\/parisavelo.fr\/\"},{\"@type\":\"ListItem\",\"position\":2,\"name\":\"actus\"}]},{\"@type\":\"WebSite\",\"@id\":\"https:\/\/parisavelo.fr\/#website\",\"url\":\"https:\/\/parisavelo.fr\/\",\"name\":\"Paris \u00e0 V\u00e9lo\",\"description\":\"Le v\u00e9lo \u00e0 Paris, la libert\u00e9\",\"publisher\":{\"@id\":\"https:\/\/parisavelo.fr\/#organization\"},\"potentialAction\":[{\"@type\":\"SearchAction\",\"target\":{\"@type\":\"EntryPoint\",\"urlTemplate\":\"https:\/\/parisavelo.fr\/?s={search_term_string}\"},\"query-input\":{\"@type\":\"PropertyValueSpecification\",\"valueRequired\":true,\"valueName\":\"search_term_string\"}}],\"inLanguage\":\"en-GB\"},{\"@type\":\"Organization\",\"@id\":\"https:\/\/parisavelo.fr\/#organization\",\"name\":\"Paris \u00e0 V\u00e9lo\",\"url\":\"https:\/\/parisavelo.fr\/\",\"logo\":{\"@type\":\"ImageObject\",\"inLanguage\":\"en-GB\",\"@id\":\"https:\/\/parisavelo.fr\/#\/schema\/logo\/image\/\",\"url\":\"https:\/\/parisavelo.fr\/wp-content\/uploads\/2020\/03\/ParisAvelo-logo9-decli-01.png\",\"contentUrl\":\"https:\/\/parisavelo.fr\/wp-content\/uploads\/2020\/03\/ParisAvelo-logo9-decli-01.png\",\"width\":1064,\"height\":1064,\"caption\":\"Paris \u00e0 V\u00e9lo\"},\"image\":{\"@id\":\"https:\/\/parisavelo.fr\/#\/schema\/logo\/image\/\"},\"sameAs\":[\"https:\/\/www.facebook.com\/parisavelo\/\",\"https:\/\/x.com\/Parisvelosympa\",\"https:\/\/www.instagram.com\/parisavelo_officiel\",\"https:\/\/www.linkedin.com\/company\/parisavelo\/\",\"https:\/\/www.pinterest.fr\/parisavelo\/\",\"https:\/\/www.youtube.com\/channel\/UCO5cKd2Zqyl2N8ptTHYAODw\"]}]}<\/script>\n<!-- \/ Yoast SEO plugin. -->","yoast_head_json":{"title":"actus Archives - Paris \u00e0 V\u00e9lo","robots":{"index":"index","follow":"follow","max-snippet":"max-snippet:-1","max-image-preview":"max-image-preview:large","max-video-preview":"max-video-preview:-1"},"canonical":"https:\/\/parisavelo.fr\/en\/category\/actus\/","og_locale":"en_GB","og_type":"article","og_title":"actus Archives - Paris \u00e0 V\u00e9lo","og_url":"https:\/\/parisavelo.fr\/en\/category\/actus\/","og_site_name":"Paris \u00e0 V\u00e9lo","og_image":[{"width":1064,"height":1064,"url":"https:\/\/parisavelo.fr\/wp-content\/uploads\/2020\/03\/ParisAvelo-logo9-decli-01.png","type":"image\/png"}],"twitter_card":"summary_large_image","twitter_site":"@Parisvelosympa","schema":{"@context":"https:\/\/schema.org","@graph":[{"@type":"CollectionPage","@id":"https:\/\/parisavelo.fr\/category\/actus\/","url":"https:\/\/parisavelo.fr\/category\/actus\/","name":"actus Archives - Paris by bike","isPartOf":{"@id":"https:\/\/parisavelo.fr\/#website"},"breadcrumb":{"@id":"https:\/\/parisavelo.fr\/category\/actus\/#breadcrumb"},"inLanguage":"en-GB"},{"@type":"BreadcrumbList","@id":"https:\/\/parisavelo.fr\/category\/actus\/#breadcrumb","itemListElement":[{"@type":"ListItem","position":1,"name":"Home","item":"https:\/\/parisavelo.fr\/"},{"@type":"ListItem","position":2,"name":"actus"}]},{"@type":"WebSite","@id":"https:\/\/parisavelo.fr\/#website","url":"https:\/\/parisavelo.fr\/","name":"Paris \u00e0 V\u00e9lo","description":"The freedom of cycling in Paris","publisher":{"@id":"https:\/\/parisavelo.fr\/#organization"},"potentialAction":[{"@type":"SearchAction","target":{"@type":"EntryPoint","urlTemplate":"https:\/\/parisavelo.fr\/?s={search_term_string}"},"query-input":{"@type":"PropertyValueSpecification","valueRequired":true,"valueName":"search_term_string"}}],"inLanguage":"en-GB"},{"@type":"Organization","@id":"https:\/\/parisavelo.fr\/#organization","name":"Paris \u00e0 V\u00e9lo","url":"https:\/\/parisavelo.fr\/","logo":{"@type":"ImageObject","inLanguage":"en-GB","@id":"https:\/\/parisavelo.fr\/#\/schema\/logo\/image\/","url":"https:\/\/parisavelo.fr\/wp-content\/uploads\/2020\/03\/ParisAvelo-logo9-decli-01.png","contentUrl":"https:\/\/parisavelo.fr\/wp-content\/uploads\/2020\/03\/ParisAvelo-logo9-decli-01.png","width":1064,"height":1064,"caption":"Paris \u00e0 V\u00e9lo"},"image":{"@id":"https:\/\/parisavelo.fr\/#\/schema\/logo\/image\/"},"sameAs":["https:\/\/www.facebook.com\/parisavelo\/","https:\/\/x.com\/Parisvelosympa","https:\/\/www.instagram.com\/parisavelo_officiel","https:\/\/www.linkedin.com\/company\/parisavelo\/","https:\/\/www.pinterest.fr\/parisavelo\/","https:\/\/www.youtube.com\/channel\/UCO5cKd2Zqyl2N8ptTHYAODw"]}]}},"_links":{"self":[{"href":"https:\/\/parisavelo.fr\/en\/wp-json\/wp\/v2\/categories\/17","targetHints":{"allow":["GET"]}}],"collection":[{"href":"https:\/\/parisavelo.fr\/en\/wp-json\/wp\/v2\/categories"}],"about":[{"href":"https:\/\/parisavelo.fr\/en\/wp-json\/wp\/v2\/taxonomies\/category"}],"wp:post_type":[{"href":"https:\/\/parisavelo.fr\/en\/wp-json\/wp\/v2\/posts?categories=17"}],"curies":[{"name":"wp","href":"https:\/\/api.w.org\/{rel}","templated":true}]}}